{"id":7206,"date":"2022-10-05T15:12:48","date_gmt":"2022-10-05T15:12:48","guid":{"rendered":"https:\/\/comandogeraldanoticia.com.br\/index.php\/2022\/10\/05\/mundo-nao-eliminara-pobreza-extrema-em-2030-alerta-banco-mundial\/"},"modified":"2022-10-05T15:12:48","modified_gmt":"2022-10-05T15:12:48","slug":"mundo-nao-eliminara-pobreza-extrema-em-2030-alerta-banco-mundial","status":"publish","type":"post","link":"https:\/\/comandogeraldanoticia.com.br\/index.php\/2022\/10\/05\/mundo-nao-eliminara-pobreza-extrema-em-2030-alerta-banco-mundial\/","title":{"rendered":"Mundo n\u00e3o eliminar\u00e1 pobreza extrema em 2030, alerta Banco Mundial"},"content":{"rendered":"<p><img decoding=\"async\" src=\"https:\/\/s2.glbimg.com\/nZ4h41uocH4p30sOh5zQ0CpFT34=\/i.s3.glbimg.com\/v1\/AUTH_59edd422c0c84a879bd37670ae4f538a\/internal_photos\/bs\/2021\/0\/U\/qCBp9ARK296jarNrPbuA\/dsc0117.jpg\"><br \/>   O atraso se deve, segundo a institui\u00e7\u00e3o financeira, \u00e0 pandemia, que provocou o maior aumento da pobreza desde 1990, tend\u00eancia que poderia ser refor\u00e7ada com a guerra da Ucr\u00e2nia. Pais carregam crian\u00e7a em carrinho de supermercado na Zona Portu\u00e1ria do Rio<br \/>\nMarcos Serra Lima\/g1<br \/>\nO mundo n\u00e3o conseguir\u00e1 erradicar a pobreza extrema em 2030, data estabelecida pela Assembleia Geral da ONU para cumprir com seus Objetivos de Desenvolvimento Sustent\u00e1vel adotados em 2015, estimou o Banco Mundial (BM) em um relat\u00f3rio nesta quarta-feira (5).<br \/>\nO atraso se deve, segundo a institui\u00e7\u00e3o financeira, \u00e0 pandemia de covid-19, que provocou o maior aumento da pobreza desde 1990, tend\u00eancia que poderia ser refor\u00e7ada com a guerra da Ucr\u00e2nia, segundo seu relat\u00f3rio anual sobre a pobreza.<br \/>\nCerca de 70 milh\u00f5es de pessoas ca\u00edram na pobreza extrema em 2020, segundo o BM, que estima que quase 720 milh\u00f5es de pessoas viviam com menos de 2,15 d\u00f3lares por dia no final desse ano.<br \/>\nDurante a pandemia, a renda dos 40% mais pobres, muitas vezes procedentes da economia informal em muitos pa\u00edses, caiu em m\u00e9dia duas vezes mais do que os dos 20% mais ricos, aprofundando as desigualdades.<br \/>\n&#8220;Infla\u00e7\u00e3o, desvaloriza\u00e7\u00f5es cambiais e crises sobrepostas&#8221; apontam para uma perspectiva sombria, disse o presidente do Banco Mundial, David Malpass, em nota.<br \/>\nN\u00famero de pessoas em situa\u00e7\u00e3o de pobreza no Brasil bate recorde, mostra pesquisa<br \/>\n&#8220;O progresso na redu\u00e7\u00e3o da pobreza extrema estagnou junto com o crescimento econ\u00f4mico global moderado&#8221;, acrescentou.<br \/>\nA \u00c1frica Subsaariana concentra 60% dos mais pobres, ou seja, quase 390 milh\u00f5es de pessoas, com uma taxa de pobreza de 35%.<br \/>\nPara eliminar a pobreza extrema no continente africano para 2030, o Banco Mundial estima que seria necess\u00e1rio um crescimento de 9% por ano em cada pa\u00eds desta regi\u00e3o no final da d\u00e9cada, &#8220;uma marca particularmente alta para pa\u00edses cujo crescimento do PIB per capita foi em m\u00e9dia de 1,2% durante a d\u00e9cada anterior \u00e0 pandemia&#8221;, estima o Banco Mundial.<br \/>\n&#8220;Investir em melhores servi\u00e7os de sa\u00fade e educa\u00e7\u00e3o ser\u00e1 crucial para as economias em desenvolvimento na pr\u00f3xima d\u00e9cada&#8221;, disse o economista-chefe do Banco Mundial, Indermit Gill.<br \/>\nPara reverter a tend\u00eancia, a institui\u00e7\u00e3o pede aos governos que direcionem melhor a ajuda para reserv\u00e1-la para os mais pobres, incentivem o investimento em educa\u00e7\u00e3o, pesquisa e desenvolvimento e considerem uma tributa\u00e7\u00e3o que leve mais em considera\u00e7\u00e3o as rendas.<br \/>\nLEIA TAMB\u00c9M:<br \/>\nComo Brasil pode reduzir a pobreza no pr\u00f3ximo governo, segundo Banco Mundial<br \/>\nQuanto custa acabar com a extrema pobreza no Brasil?<br \/>\nQuase um ter\u00e7o dos brasileiros tem menos de meio sal\u00e1rio m\u00ednimo para passar o m\u00eas<\/p>\n","protected":false},"excerpt":{"rendered":"<p>O atraso se deve, segundo a institui\u00e7\u00e3o financeira, \u00e0 pandemia, que provocou o maior aumento da pobreza desde 1990, tend\u00eancia que poderia ser refor\u00e7ada com a guerra da Ucr\u00e2nia. Pais carregam crian\u00e7a em carrinho de supermercado na Zona Portu\u00e1ria do Rio Marcos Serra Lima\/g1 O mundo n\u00e3o conseguir\u00e1 erradicar a pobreza extrema em 2030, data<\/p>\n","protected":false},"author":1,"featured_media":7207,"comment_status":"open","ping_status":"open","sticky":false,"template":"","format":"standard","meta":{"om_disable_all_campaigns":false,"_monsterinsights_skip_tracking":false,"_monsterinsights_sitenote_active":false,"_monsterinsights_sitenote_note":"","_monsterinsights_sitenote_category":0,"footnotes":""},"categories":[43],"tags":[],"class_list":{"0":"post-7206","1":"post","2":"type-post","3":"status-publish","4":"format-standard","5":"has-post-thumbnail","7":"category-economia"},"_links":{"self":[{"href":"https:\/\/comandogeraldanoticia.com.br\/index.php\/wp-json\/wp\/v2\/posts\/7206","targetHints":{"allow":["GET"]}}],"collection":[{"href":"https:\/\/comandogeraldanoticia.com.br\/index.php\/wp-json\/wp\/v2\/posts"}],"about":[{"href":"https:\/\/comandogeraldanoticia.com.br\/index.php\/wp-json\/wp\/v2\/types\/post"}],"author":[{"embeddable":true,"href":"https:\/\/comandogeraldanoticia.com.br\/index.php\/wp-json\/wp\/v2\/users\/1"}],"replies":[{"embeddable":true,"href":"https:\/\/comandogeraldanoticia.com.br\/index.php\/wp-json\/wp\/v2\/comments?post=7206"}],"version-history":[{"count":0,"href":"https:\/\/comandogeraldanoticia.com.br\/index.php\/wp-json\/wp\/v2\/posts\/7206\/revisions"}],"wp:featuredmedia":[{"embeddable":true,"href":"https:\/\/comandogeraldanoticia.com.br\/index.php\/wp-json\/wp\/v2\/media\/7207"}],"wp:attachment":[{"href":"https:\/\/comandogeraldanoticia.com.br\/index.php\/wp-json\/wp\/v2\/media?parent=7206"}],"wp:term":[{"taxonomy":"category","embeddable":true,"href":"https:\/\/comandogeraldanoticia.com.br\/index.php\/wp-json\/wp\/v2\/categories?post=7206"},{"taxonomy":"post_tag","embeddable":true,"href":"https:\/\/comandogeraldanoticia.com.br\/index.php\/wp-json\/wp\/v2\/tags?post=7206"}],"curies":[{"name":"wp","href":"https:\/\/api.w.org\/{rel}","templated":true}]}}