{"id":6932,"date":"2022-10-04T14:15:29","date_gmt":"2022-10-04T14:15:29","guid":{"rendered":"https:\/\/comandogeraldanoticia.com.br\/index.php\/2022\/10\/04\/horto-promove-4a-feirinha-uma-muda-para-transformar-no-domingo-9\/"},"modified":"2022-10-04T14:15:29","modified_gmt":"2022-10-04T14:15:29","slug":"horto-promove-4a-feirinha-uma-muda-para-transformar-no-domingo-9","status":"publish","type":"post","link":"https:\/\/comandogeraldanoticia.com.br\/index.php\/2022\/10\/04\/horto-promove-4a-feirinha-uma-muda-para-transformar-no-domingo-9\/","title":{"rendered":"Horto promove 4\u00aa Feirinha \u201cUma muda para transformar\u201d no domingo (9)"},"content":{"rendered":"<p>Com o objetivo de proporcionar uma experi\u00eancia com o meio ambiente, atrav\u00e9s da troca de algumas mudas de esp\u00e9cies nativas da Mata Atl\u00e2ntica, a Secretaria do Desenvolvimento Urbano e Meio Ambiente (Sedur), promove no domingo (9\/10), das 8h \u00e0s 16h30, a 4\u00aa edi\u00e7\u00e3o da Feirinha \u201cUma muda para transformar\u201d, no Horto Florestal Linaldo da Silva.<\/p>\n<p>A novidade desta edi\u00e7\u00e3o ser\u00e3o as apresenta\u00e7\u00f5es culturais ao longo do dia, que contar\u00e1 com a participa\u00e7\u00e3o do Boi Mirim de Parafuso, Grupo de Coral e Samba de Roda do Centro de Conviv\u00eancia da Pessoa Idosa (Conviver), al\u00e9m do show musical com Matheuzinho do Acordeon, entre outras manifesta\u00e7\u00f5es culturais. A programa\u00e7\u00e3o completa conta com agroecologia, artesanatos, guloseimas, exposi\u00e7\u00e3o de animais caprinos, aves (galinha, pato, ganso, etc); doa\u00e7\u00e3o de adubo org\u00e2nico produzido no Horto; al\u00e9m de doa\u00e7\u00e3o de algumas mudas.<\/p>\n<p>A Feirinha conta com o apoio das secretarias de Governo (Segov); Sa\u00fade (Sesau); Esporte, Lazer e Juventude (Sejuv); Desenvolvimento Social e Cidadania (Sedes); Agricultura e Pesca (Sedap); Cultura (Secult) e da empresa de Limpeza P\u00fablica de Cama\u00e7ari (Limpec).<\/p>\n<figure class=\"wp-block-image size-large\"><img fetchpriority=\"high\" decoding=\"async\" width=\"1024\" height=\"1024\" src=\"https:\/\/www.camacari.ba.gov.br\/wp-content\/uploads\/2022\/10\/sedur-card-4a-feirinha-uma-muda-para-transformar-dia-9.10.2022-1024x1024.png\" alt=\"\" class=\"wp-image-182623\" srcset=\"https:\/\/www.camacari.ba.gov.br\/wp-content\/uploads\/2022\/10\/sedur-card-4a-feirinha-uma-muda-para-transformar-dia-9.10.2022-1024x1024.png 1024w, https:\/\/www.camacari.ba.gov.br\/wp-content\/uploads\/2022\/10\/sedur-card-4a-feirinha-uma-muda-para-transformar-dia-9.10.2022-300x300.png 300w, https:\/\/www.camacari.ba.gov.br\/wp-content\/uploads\/2022\/10\/sedur-card-4a-feirinha-uma-muda-para-transformar-dia-9.10.2022-150x150.png 150w, https:\/\/www.camacari.ba.gov.br\/wp-content\/uploads\/2022\/10\/sedur-card-4a-feirinha-uma-muda-para-transformar-dia-9.10.2022-768x768.png 768w\" sizes=\"(max-width: 1024px) 100vw, 1024px\"><\/figure>\n","protected":false},"excerpt":{"rendered":"<p>Com o objetivo de proporcionar uma experi\u00eancia com o meio ambiente, atrav\u00e9s da troca de algumas mudas de esp\u00e9cies nativas da Mata Atl\u00e2ntica, a Secretaria do Desenvolvimento Urbano e Meio Ambiente (Sedur), promove no domingo (9\/10), das 8h \u00e0s 16h30, a 4\u00aa edi\u00e7\u00e3o da Feirinha \u201cUma muda para transformar\u201d, no Horto Florestal Linaldo da Silva.<\/p>\n","protected":false},"author":1,"featured_media":6933,"comment_status":"open","ping_status":"open","sticky":false,"template":"","format":"standard","meta":{"om_disable_all_campaigns":false,"_monsterinsights_skip_tracking":false,"_monsterinsights_sitenote_active":false,"_monsterinsights_sitenote_note":"","_monsterinsights_sitenote_category":0,"footnotes":""},"categories":[40],"tags":[],"class_list":{"0":"post-6932","1":"post","2":"type-post","3":"status-publish","4":"format-standard","5":"has-post-thumbnail","7":"category-camacari"},"_links":{"self":[{"href":"https:\/\/comandogeraldanoticia.com.br\/index.php\/wp-json\/wp\/v2\/posts\/6932","targetHints":{"allow":["GET"]}}],"collection":[{"href":"https:\/\/comandogeraldanoticia.com.br\/index.php\/wp-json\/wp\/v2\/posts"}],"about":[{"href":"https:\/\/comandogeraldanoticia.com.br\/index.php\/wp-json\/wp\/v2\/types\/post"}],"author":[{"embeddable":true,"href":"https:\/\/comandogeraldanoticia.com.br\/index.php\/wp-json\/wp\/v2\/users\/1"}],"replies":[{"embeddable":true,"href":"https:\/\/comandogeraldanoticia.com.br\/index.php\/wp-json\/wp\/v2\/comments?post=6932"}],"version-history":[{"count":0,"href":"https:\/\/comandogeraldanoticia.com.br\/index.php\/wp-json\/wp\/v2\/posts\/6932\/revisions"}],"wp:featuredmedia":[{"embeddable":true,"href":"https:\/\/comandogeraldanoticia.com.br\/index.php\/wp-json\/wp\/v2\/media\/6933"}],"wp:attachment":[{"href":"https:\/\/comandogeraldanoticia.com.br\/index.php\/wp-json\/wp\/v2\/media?parent=6932"}],"wp:term":[{"taxonomy":"category","embeddable":true,"href":"https:\/\/comandogeraldanoticia.com.br\/index.php\/wp-json\/wp\/v2\/categories?post=6932"},{"taxonomy":"post_tag","embeddable":true,"href":"https:\/\/comandogeraldanoticia.com.br\/index.php\/wp-json\/wp\/v2\/tags?post=6932"}],"curies":[{"name":"wp","href":"https:\/\/api.w.org\/{rel}","templated":true}]}}