{"id":6930,"date":"2022-10-04T14:15:30","date_gmt":"2022-10-04T14:15:30","guid":{"rendered":"https:\/\/comandogeraldanoticia.com.br\/index.php\/2022\/10\/04\/escolas-da-costa-camacariense-recebem-oficinas-do-gtc-ppac-no-2o-semestre\/"},"modified":"2022-10-04T14:15:30","modified_gmt":"2022-10-04T14:15:30","slug":"escolas-da-costa-camacariense-recebem-oficinas-do-gtc-ppac-no-2o-semestre","status":"publish","type":"post","link":"https:\/\/comandogeraldanoticia.com.br\/index.php\/2022\/10\/04\/escolas-da-costa-camacariense-recebem-oficinas-do-gtc-ppac-no-2o-semestre\/","title":{"rendered":"Escolas da costa cama\u00e7ariense recebem oficinas do GTC-PPAC no 2\u00ba semestre"},"content":{"rendered":"<p>O Grupo de Trabalho Coordenador (GTC) da 7\u00aa edi\u00e7\u00e3o do Programa Prefeito Amigo da Crian\u00e7a (PPAC) leva, no segundo semestre de 2022, as oficinas educativas promovidas pelo coletivo a educandos da Costa de Cama\u00e7ari. Nesta quarta (5\/10), a a\u00e7\u00e3o aportar\u00e1 na Escola Municipal Am\u00e9lia Rodrigues, em Monte Gordo, \u00e0s 8h, envolvendo 350 estudantes; e no Centro Educacional Tancredo Neves, em Jau\u00e1, a partir das 14h, quando 200 alunos ser\u00e3o mobilizados.<\/p>\n<p>A Secretaria de Rela\u00e7\u00f5es Institucionais (Serin), pasta a qual o GTC est\u00e1 vinculado, leva \u00e0 comunidade estudantil a oficina \u201cProjeto de Vida\u201d. A a\u00e7\u00e3o conta com a parceria das secretarias da Sa\u00fade (Sesau), Educa\u00e7\u00e3o (Seduc), da Cultura (Secult), Esportes Lazer e Juventude (Sejuv), a empresa de Limpeza P\u00fablica de Cama\u00e7ari (Limpec), e dos conselhos Tutelar (CT) e Municipal dos Direitos da Crian\u00e7a e do Adolescente (CMDCA).<\/p>\n<p>As atividades, completamente gratuitas, integram a programa\u00e7\u00e3o anual do GTC e visam sensibilizar jovens entre 12 e 14 anos para atuarem como multiplicadores da agenda do F\u00f3rum Municipal do Adolescente, evento que acontecer\u00e1 no pr\u00f3ximo dia 30 de novembro.<\/p>\n","protected":false},"excerpt":{"rendered":"<p>O Grupo de Trabalho Coordenador (GTC) da 7\u00aa edi\u00e7\u00e3o do Programa Prefeito Amigo da Crian\u00e7a (PPAC) leva, no segundo semestre de 2022, as oficinas educativas promovidas pelo coletivo a educandos da Costa de Cama\u00e7ari. Nesta quarta (5\/10), a a\u00e7\u00e3o aportar\u00e1 na Escola Municipal Am\u00e9lia Rodrigues, em Monte Gordo, \u00e0s 8h, envolvendo 350 estudantes; e no<\/p>\n","protected":false},"author":1,"featured_media":6931,"comment_status":"open","ping_status":"open","sticky":false,"template":"","format":"standard","meta":{"om_disable_all_campaigns":false,"_monsterinsights_skip_tracking":false,"_monsterinsights_sitenote_active":false,"_monsterinsights_sitenote_note":"","_monsterinsights_sitenote_category":0,"footnotes":""},"categories":[40],"tags":[],"class_list":{"0":"post-6930","1":"post","2":"type-post","3":"status-publish","4":"format-standard","5":"has-post-thumbnail","7":"category-camacari"},"_links":{"self":[{"href":"https:\/\/comandogeraldanoticia.com.br\/index.php\/wp-json\/wp\/v2\/posts\/6930","targetHints":{"allow":["GET"]}}],"collection":[{"href":"https:\/\/comandogeraldanoticia.com.br\/index.php\/wp-json\/wp\/v2\/posts"}],"about":[{"href":"https:\/\/comandogeraldanoticia.com.br\/index.php\/wp-json\/wp\/v2\/types\/post"}],"author":[{"embeddable":true,"href":"https:\/\/comandogeraldanoticia.com.br\/index.php\/wp-json\/wp\/v2\/users\/1"}],"replies":[{"embeddable":true,"href":"https:\/\/comandogeraldanoticia.com.br\/index.php\/wp-json\/wp\/v2\/comments?post=6930"}],"version-history":[{"count":0,"href":"https:\/\/comandogeraldanoticia.com.br\/index.php\/wp-json\/wp\/v2\/posts\/6930\/revisions"}],"wp:featuredmedia":[{"embeddable":true,"href":"https:\/\/comandogeraldanoticia.com.br\/index.php\/wp-json\/wp\/v2\/media\/6931"}],"wp:attachment":[{"href":"https:\/\/comandogeraldanoticia.com.br\/index.php\/wp-json\/wp\/v2\/media?parent=6930"}],"wp:term":[{"taxonomy":"category","embeddable":true,"href":"https:\/\/comandogeraldanoticia.com.br\/index.php\/wp-json\/wp\/v2\/categories?post=6930"},{"taxonomy":"post_tag","embeddable":true,"href":"https:\/\/comandogeraldanoticia.com.br\/index.php\/wp-json\/wp\/v2\/tags?post=6930"}],"curies":[{"name":"wp","href":"https:\/\/api.w.org\/{rel}","templated":true}]}}