{"id":6918,"date":"2022-10-04T13:18:31","date_gmt":"2022-10-04T13:18:31","guid":{"rendered":"https:\/\/comandogeraldanoticia.com.br\/index.php\/2022\/10\/04\/ibovespa-opera-em-alta-com-eleicoes-no-brasil-e-cenario-externo-positivo\/"},"modified":"2022-10-04T13:18:31","modified_gmt":"2022-10-04T13:18:31","slug":"ibovespa-opera-em-alta-com-eleicoes-no-brasil-e-cenario-externo-positivo","status":"publish","type":"post","link":"https:\/\/comandogeraldanoticia.com.br\/index.php\/2022\/10\/04\/ibovespa-opera-em-alta-com-eleicoes-no-brasil-e-cenario-externo-positivo\/","title":{"rendered":"Ibovespa opera em alta, com elei\u00e7\u00f5es no Brasil e cen\u00e1rio externo positivo"},"content":{"rendered":"<p><img decoding=\"async\" src=\"https:\/\/s2.glbimg.com\/Hq6dbByl9_nD4oiIDqMdx6Wzsjs=\/s.glbimg.com\/jo\/g1\/f\/original\/2019\/05\/09\/bolsa-bovespa.jpg\"><br \/>   Na segunda-feira, principal \u00edndice da bolsa de valores subiu 5,54%, a 116.134 pontos. Imagem do interior da B3, Bolsa de Valores de SP<br \/>\nCris Faga\/Estad\u00e3o Conte\u00fado<br \/>\nO Ibovespa, principal \u00edndice da bolsa de valores de S\u00e3o Paulo, a B3, opera em alta nesta ter\u00e7a-feira (4), ainda impulsionado pelas elei\u00e7\u00f5es brasileiras e com clima externo favor\u00e1vel no mercado financeiro.<br \/>\n\u00c0s 10h05, o \u00edndice subia 0,51%, a 116.729 pontos. Veja mais cota\u00e7\u00f5es.<br \/>\nNa segunda-feira, o Ibovespa subiu 5,54%, a 116.134 pontos, maior alta di\u00e1ria desde abril de 2020. Com o resultado de hoje, o \u00edndice acumulou alta de 10,79% no ano.<br \/>\nLEIA TAMB\u00c9M<br \/>\nD\u00f3lar abre a semana em forte queda, abaixo de R$ 5,20, ap\u00f3s o 1\u00ba turno das elei\u00e7\u00f5es<br \/>\nComo o d\u00f3lar valorizado afeta a todos<br \/>\nO desempenho de Lula e Bolsonaro nas urnas: onde cresceram e onde perderam<br \/>\nO que est\u00e1 mexendo com os mercados?<br \/>\nPor aqui, os mercados ainda repercutem os resultados das elei\u00e7\u00f5es do primeiro turno. A apura\u00e7\u00e3o mais apertada do que as pesquisas apontavam na disputa presidencial e a composi\u00e7\u00e3o das casas do Congresso, mais alinhadas \u00e0 direita, foram vistos como positivos por agentes do mercado.<br \/>\nNesta ter\u00e7a, as a\u00e7\u00f5es asi\u00e1ticas fecharam em alta nesta ter\u00e7a-feira, depois que o Reino Unido eliminou partes de um controverso plano de corte de impostos, o que melhorava o sentimento do mercado global.<br \/>\nNa v\u00e9spera, a primeira-ministra brit\u00e2nica, Liz Truss, foi for\u00e7ada a uma reviravolta depois de menos de um m\u00eas no poder, revertendo um corte na taxa mais alta de imposto de renda que havia ajudado a desencadear turbul\u00eancia nos mercados financeiros e uma rebeli\u00e3o em seu partido.<br \/>\nO ministro das Finan\u00e7as do Reino Unido, Kwasi Kwarteng, desistiu da medida 10 dias depois de anunci\u00e1-la. A iniciativa \u00e9 parte de um pacote econ\u00f4mico mais amplo, que inclui suprimir o limite dos b\u00f4nus dos executivos de bancos e a revis\u00e3o dos aumentos previsto do imposto sobre as empresas e das contribui\u00e7\u00f5es para a Previd\u00eancia Social.<br \/>\nAo mesmo tempo, Truss e Kwarteng n\u00e3o descartaram cortar gastos p\u00fablicos e os benef\u00edcios sociais, embora o Reino Unido enfrente uma grave crise de custo de vida, alimentada por uma infla\u00e7\u00e3o de 10% e que segue em alta.<br \/>\nO banco central da Austr\u00e1lia ajudou no sentimento de al\u00edvio nos mercados ao surpreender investidores com um aumento de 25 pontos base dos juros, abaixo do esperado, acrescentando que j\u00e1 haviam subido as taxas substancialmente.<br \/>\n\u2018Congresso continuar\u00e1 liberal, reformista\u2019, diz Arthur Lira sobre nova composi\u00e7\u00e3o da casa<br \/>\nInitial plugin text<\/p>\n","protected":false},"excerpt":{"rendered":"<p>Na segunda-feira, principal \u00edndice da bolsa de valores subiu 5,54%, a 116.134 pontos. Imagem do interior da B3, Bolsa de Valores de SP Cris Faga\/Estad\u00e3o Conte\u00fado O Ibovespa, principal \u00edndice da bolsa de valores de S\u00e3o Paulo, a B3, opera em alta nesta ter\u00e7a-feira (4), ainda impulsionado pelas elei\u00e7\u00f5es brasileiras e com clima externo favor\u00e1vel<\/p>\n","protected":false},"author":1,"featured_media":6919,"comment_status":"open","ping_status":"open","sticky":false,"template":"","format":"standard","meta":{"om_disable_all_campaigns":false,"_monsterinsights_skip_tracking":false,"_monsterinsights_sitenote_active":false,"_monsterinsights_sitenote_note":"","_monsterinsights_sitenote_category":0,"footnotes":""},"categories":[43],"tags":[],"class_list":{"0":"post-6918","1":"post","2":"type-post","3":"status-publish","4":"format-standard","5":"has-post-thumbnail","7":"category-economia"},"_links":{"self":[{"href":"https:\/\/comandogeraldanoticia.com.br\/index.php\/wp-json\/wp\/v2\/posts\/6918","targetHints":{"allow":["GET"]}}],"collection":[{"href":"https:\/\/comandogeraldanoticia.com.br\/index.php\/wp-json\/wp\/v2\/posts"}],"about":[{"href":"https:\/\/comandogeraldanoticia.com.br\/index.php\/wp-json\/wp\/v2\/types\/post"}],"author":[{"embeddable":true,"href":"https:\/\/comandogeraldanoticia.com.br\/index.php\/wp-json\/wp\/v2\/users\/1"}],"replies":[{"embeddable":true,"href":"https:\/\/comandogeraldanoticia.com.br\/index.php\/wp-json\/wp\/v2\/comments?post=6918"}],"version-history":[{"count":0,"href":"https:\/\/comandogeraldanoticia.com.br\/index.php\/wp-json\/wp\/v2\/posts\/6918\/revisions"}],"wp:featuredmedia":[{"embeddable":true,"href":"https:\/\/comandogeraldanoticia.com.br\/index.php\/wp-json\/wp\/v2\/media\/6919"}],"wp:attachment":[{"href":"https:\/\/comandogeraldanoticia.com.br\/index.php\/wp-json\/wp\/v2\/media?parent=6918"}],"wp:term":[{"taxonomy":"category","embeddable":true,"href":"https:\/\/comandogeraldanoticia.com.br\/index.php\/wp-json\/wp\/v2\/categories?post=6918"},{"taxonomy":"post_tag","embeddable":true,"href":"https:\/\/comandogeraldanoticia.com.br\/index.php\/wp-json\/wp\/v2\/tags?post=6918"}],"curies":[{"name":"wp","href":"https:\/\/api.w.org\/{rel}","templated":true}]}}