{"id":6910,"date":"2022-10-04T13:17:58","date_gmt":"2022-10-04T13:17:58","guid":{"rendered":"https:\/\/comandogeraldanoticia.com.br\/index.php\/2022\/10\/04\/angela-merkel-e-premiada-na-onu-por-politica-dos-refugiados\/"},"modified":"2022-10-04T13:17:58","modified_gmt":"2022-10-04T13:17:58","slug":"angela-merkel-e-premiada-na-onu-por-politica-dos-refugiados","status":"publish","type":"post","link":"https:\/\/comandogeraldanoticia.com.br\/index.php\/2022\/10\/04\/angela-merkel-e-premiada-na-onu-por-politica-dos-refugiados\/","title":{"rendered":"Angela Merkel \u00e9 premiada na ONU por pol\u00edtica dos refugiados"},"content":{"rendered":"<p><img decoding=\"async\" src=\"https:\/\/s2.glbimg.com\/YLlygc3Zl3g2kZvVXcdqqeh8PF4=\/i.s3.glbimg.com\/v1\/AUTH_59edd422c0c84a879bd37670ae4f538a\/internal_photos\/bs\/2022\/e\/C\/wjI2vZTcO4bPUmyPOqwQ\/ap22277354128373.jpg\"><br \/>   O Pr\u00eamio Nansen foi criado em 1954 em homenagem ao primeiro alto comiss\u00e1rio das Na\u00e7\u00f5es Unidas para os refugiados. Ex-chanceler alem\u00e3, Angela Merkel, durante encontro com refugiados em Berlim, no ano de 2015<br \/>\nBernd von Jutrczenka\/dpa via AP\/Arquivo<br \/>\nA ex-chanceler alem\u00e3 Angela Merkel foi homenageada nesta ter\u00e7a-feira (4) com o Pr\u00eamio Nansen da ag\u00eancia de refugiados das Na\u00e7\u00f5es Unidas (ACNUR), recebendo elogios por sua determina\u00e7\u00e3o em proteger os solicitantes de asilo enquanto esteve no cargo.<br \/>\nDestacando os mais de 1,2 milh\u00e3o de refugiados e solicitantes de asilo acolhidos pela Alemanha em 2015 e 2016, em meio a uma crise migrat\u00f3ria desencadeada especialmente pela guerra na S\u00edria, o comit\u00ea de sele\u00e7\u00e3o do ACNUR elogiou a &#8220;lideran\u00e7a, coragem e compaix\u00e3o&#8221; de Merkel.<br \/>\nNaquele momento, a mulher que liderou o governo alem\u00e3o por 16 anos afirmou que a situa\u00e7\u00e3o &#8220;colocou \u00e0 prova nossos valores europeus como poucas vezes antes. Foi nada mais nada menos do que um imperativo humanit\u00e1rio&#8221;.<br \/>\nRefugiados iraquianos celebrbam medidas de Angela Merkel em setembro de 2015<br \/>\nHadi Mizban\/AP\/Arquivo<br \/>\nO chefe do ACNUR, Filippo Grandi, elogiou a determina\u00e7\u00e3o de Merkel em proteger os solicitantes de asilo e defender os direitos humanos, os princ\u00edpios humanit\u00e1rios e o direito internacional.<br \/>\n&#8220;Ao ajudar mais de um milh\u00e3o de refugiados a sobreviver e se reconstruir, Angela Merkel mostrou grande valor moral e pol\u00edtico&#8221;, disse ele em nota<br \/>\n&#8220;Foi uma verdadeira lideran\u00e7a, apelando \u00e0 nossa humanidade comum, mantendo-se firme contra aqueles que pregam o medo e a discrimina\u00e7\u00e3o&#8221;, enfatizou.<br \/>\nEx-Chanceler alem\u00e3 Angela Merkel<br \/>\nFabian Sommer\/Pool via REUTERS<br \/>\n&#8220;Isso mostrou o que pode ser alcan\u00e7ado quando os pol\u00edticos seguem o caminho certo e trabalham para encontrar solu\u00e7\u00f5es para os desafios do mundo, em vez de simplesmente transferir a culpa para os outros&#8221;, continuou Grandi.<br \/>\nO comit\u00ea de sele\u00e7\u00e3o destacou que, al\u00e9m de proteger as pessoas for\u00e7adas a fugir da guerra, Merkel foi a for\u00e7a motriz por tr\u00e1s dos esfor\u00e7os coletivos da Alemanha para receb\u00ea-las e ajud\u00e1-las a se integrar \u00e0 sociedade.<br \/>\nO Pr\u00eamio Nansen, concedido anualmente, foi criado em 1954 em homenagem ao primeiro alto comiss\u00e1rio das Na\u00e7\u00f5es Unidas para os refugiados, o explorador noruegu\u00eas do \u00c1rtico e humanit\u00e1rio Fridtjof Nansen, para destacar seu trabalho em prol dos refugiados.<br \/>\nMerkel receber\u00e1 seu pr\u00eamio e os 150.000 d\u00f3lares em uma cerim\u00f4nia em Genebra em 10 de outubro, que tamb\u00e9m homenagear\u00e1 quatro vencedores regionais.<\/p>\n","protected":false},"excerpt":{"rendered":"<p>O Pr\u00eamio Nansen foi criado em 1954 em homenagem ao primeiro alto comiss\u00e1rio das Na\u00e7\u00f5es Unidas para os refugiados. Ex-chanceler alem\u00e3, Angela Merkel, durante encontro com refugiados em Berlim, no ano de 2015 Bernd von Jutrczenka\/dpa via AP\/Arquivo A ex-chanceler alem\u00e3 Angela Merkel foi homenageada nesta ter\u00e7a-feira (4) com o Pr\u00eamio Nansen da ag\u00eancia de<\/p>\n","protected":false},"author":1,"featured_media":6911,"comment_status":"open","ping_status":"open","sticky":false,"template":"","format":"standard","meta":{"om_disable_all_campaigns":false,"_monsterinsights_skip_tracking":false,"_monsterinsights_sitenote_active":false,"_monsterinsights_sitenote_note":"","_monsterinsights_sitenote_category":0,"footnotes":""},"categories":[47],"tags":[],"class_list":{"0":"post-6910","1":"post","2":"type-post","3":"status-publish","4":"format-standard","5":"has-post-thumbnail","7":"category-mundo"},"_links":{"self":[{"href":"https:\/\/comandogeraldanoticia.com.br\/index.php\/wp-json\/wp\/v2\/posts\/6910","targetHints":{"allow":["GET"]}}],"collection":[{"href":"https:\/\/comandogeraldanoticia.com.br\/index.php\/wp-json\/wp\/v2\/posts"}],"about":[{"href":"https:\/\/comandogeraldanoticia.com.br\/index.php\/wp-json\/wp\/v2\/types\/post"}],"author":[{"embeddable":true,"href":"https:\/\/comandogeraldanoticia.com.br\/index.php\/wp-json\/wp\/v2\/users\/1"}],"replies":[{"embeddable":true,"href":"https:\/\/comandogeraldanoticia.com.br\/index.php\/wp-json\/wp\/v2\/comments?post=6910"}],"version-history":[{"count":0,"href":"https:\/\/comandogeraldanoticia.com.br\/index.php\/wp-json\/wp\/v2\/posts\/6910\/revisions"}],"wp:featuredmedia":[{"embeddable":true,"href":"https:\/\/comandogeraldanoticia.com.br\/index.php\/wp-json\/wp\/v2\/media\/6911"}],"wp:attachment":[{"href":"https:\/\/comandogeraldanoticia.com.br\/index.php\/wp-json\/wp\/v2\/media?parent=6910"}],"wp:term":[{"taxonomy":"category","embeddable":true,"href":"https:\/\/comandogeraldanoticia.com.br\/index.php\/wp-json\/wp\/v2\/categories?post=6910"},{"taxonomy":"post_tag","embeddable":true,"href":"https:\/\/comandogeraldanoticia.com.br\/index.php\/wp-json\/wp\/v2\/tags?post=6910"}],"curies":[{"name":"wp","href":"https:\/\/api.w.org\/{rel}","templated":true}]}}