{"id":6908,"date":"2022-10-04T13:17:59","date_gmt":"2022-10-04T13:17:59","guid":{"rendered":"https:\/\/comandogeraldanoticia.com.br\/index.php\/2022\/10\/04\/numero-de-mortos-por-passagem-de-furacao-ian-nos-eua-chega-a-103\/"},"modified":"2022-10-04T13:17:59","modified_gmt":"2022-10-04T13:17:59","slug":"numero-de-mortos-por-passagem-de-furacao-ian-nos-eua-chega-a-103","status":"publish","type":"post","link":"https:\/\/comandogeraldanoticia.com.br\/index.php\/2022\/10\/04\/numero-de-mortos-por-passagem-de-furacao-ian-nos-eua-chega-a-103\/","title":{"rendered":"N\u00famero de mortos por passagem de furac\u00e3o Ian nos EUA chega a 103"},"content":{"rendered":"<p><img decoding=\"async\" src=\"https:\/\/s2.glbimg.com\/wCeK_bIXHES4gaR346f_hxdi7ho=\/i.s3.glbimg.com\/v1\/AUTH_59edd422c0c84a879bd37670ae4f538a\/internal_photos\/bs\/2022\/z\/r\/sBcahJTByLjwbX1oAzxg\/ian-florida.jpg\"><br \/>   Maior parte das v\u00edtimas era da Fl\u00f3rida, onde fen\u00f4meno fez o maior estrago. For\u00e7as de resgate ainda vistoriam casas do estado.  Ilha de Sanibel, na Fl\u00f3rida, durante passagem do furac\u00e3o Ian.<br \/>\nChuck Larsen\/SantivaChronicle.com via AP<br \/>\nO n\u00famero de mortos por conta da passagem do furac\u00e3o Ian pelos Estados Unidos chegou a 103, segundo as equipes de resgate da Fl\u00f3rida, estado onde a destrui\u00e7\u00e3o foi maior.<br \/>\nPor l\u00e1, comunidades \u00e0 beira-mar inteiras foram inundadas com ondas altas que arrastaram v\u00e1rios edif\u00edcios, segundo Kevin Guthrie, diretor de gerenciamento de emerg\u00eancias da Fl\u00f3rida.<br \/>\nEle disse que as for\u00e7as de busca j\u00e1 vistoriaram cerca de 45.000 propriedades desde a passagem do furac\u00e3o em busca de v\u00edtimas ou para verificar os danos.<br \/>\n&#8220;Estivemos em quase todos os endere\u00e7os. Acreditamos que vasculhamos tudo muito rapidamente. Agora vamos voltar para uma segunda olhada&#8221;, afirmou.<br \/>\nFurac\u00e3o Ian atinge a Fl\u00f3rida: veja 5 imagens marcantes<br \/>\nNa semana passada, ap\u00f3s passar por Cuba, o Ian atingiu os Estados Unidos com for\u00e7a catastr\u00f3fica como um furac\u00e3o de categoria 4, com ventos m\u00e1ximos sustentados de 240 km\/h.<br \/>\nPor conta do furac\u00e3o, o governo de Cuba fez na semana passada um raro pedido de assist\u00eancia emergencial ao governo do presidente dos Estados Unidos, Joe Biden, segundo o &#8220;Wall Street Journal&#8221;. A ilha  chegou a ficar inteira sem energia el\u00e9trica na semana passada.<br \/>\nA Fl\u00f3rida foi respons\u00e1vel pela maior parte das mortes, com 78 contabilizadas nas jurisdi\u00e7\u00f5es costeiras adjacentes dos condados de Lee e Charlotte, e mais 21 mortes relatadas por autoridades de nove outros condados.<br \/>\nAutoridades da Carolina do Norte disseram que quatro pessoas morreram l\u00e1.<\/p>\n","protected":false},"excerpt":{"rendered":"<p>Maior parte das v\u00edtimas era da Fl\u00f3rida, onde fen\u00f4meno fez o maior estrago. For\u00e7as de resgate ainda vistoriam casas do estado. Ilha de Sanibel, na Fl\u00f3rida, durante passagem do furac\u00e3o Ian. Chuck Larsen\/SantivaChronicle.com via AP O n\u00famero de mortos por conta da passagem do furac\u00e3o Ian pelos Estados Unidos chegou a 103, segundo as equipes<\/p>\n","protected":false},"author":1,"featured_media":6909,"comment_status":"open","ping_status":"open","sticky":false,"template":"","format":"standard","meta":{"om_disable_all_campaigns":false,"_monsterinsights_skip_tracking":false,"_monsterinsights_sitenote_active":false,"_monsterinsights_sitenote_note":"","_monsterinsights_sitenote_category":0,"footnotes":""},"categories":[47],"tags":[],"class_list":{"0":"post-6908","1":"post","2":"type-post","3":"status-publish","4":"format-standard","5":"has-post-thumbnail","7":"category-mundo"},"_links":{"self":[{"href":"https:\/\/comandogeraldanoticia.com.br\/index.php\/wp-json\/wp\/v2\/posts\/6908","targetHints":{"allow":["GET"]}}],"collection":[{"href":"https:\/\/comandogeraldanoticia.com.br\/index.php\/wp-json\/wp\/v2\/posts"}],"about":[{"href":"https:\/\/comandogeraldanoticia.com.br\/index.php\/wp-json\/wp\/v2\/types\/post"}],"author":[{"embeddable":true,"href":"https:\/\/comandogeraldanoticia.com.br\/index.php\/wp-json\/wp\/v2\/users\/1"}],"replies":[{"embeddable":true,"href":"https:\/\/comandogeraldanoticia.com.br\/index.php\/wp-json\/wp\/v2\/comments?post=6908"}],"version-history":[{"count":0,"href":"https:\/\/comandogeraldanoticia.com.br\/index.php\/wp-json\/wp\/v2\/posts\/6908\/revisions"}],"wp:featuredmedia":[{"embeddable":true,"href":"https:\/\/comandogeraldanoticia.com.br\/index.php\/wp-json\/wp\/v2\/media\/6909"}],"wp:attachment":[{"href":"https:\/\/comandogeraldanoticia.com.br\/index.php\/wp-json\/wp\/v2\/media?parent=6908"}],"wp:term":[{"taxonomy":"category","embeddable":true,"href":"https:\/\/comandogeraldanoticia.com.br\/index.php\/wp-json\/wp\/v2\/categories?post=6908"},{"taxonomy":"post_tag","embeddable":true,"href":"https:\/\/comandogeraldanoticia.com.br\/index.php\/wp-json\/wp\/v2\/tags?post=6908"}],"curies":[{"name":"wp","href":"https:\/\/api.w.org\/{rel}","templated":true}]}}