{"id":6791,"date":"2022-10-04T01:10:46","date_gmt":"2022-10-04T01:10:46","guid":{"rendered":"https:\/\/comandogeraldanoticia.com.br\/index.php\/2022\/10\/04\/petroleo-fecha-em-nivel-maximo-em-duas-semanas\/"},"modified":"2022-10-04T01:10:46","modified_gmt":"2022-10-04T01:10:46","slug":"petroleo-fecha-em-nivel-maximo-em-duas-semanas","status":"publish","type":"post","link":"https:\/\/comandogeraldanoticia.com.br\/index.php\/2022\/10\/04\/petroleo-fecha-em-nivel-maximo-em-duas-semanas\/","title":{"rendered":"Petr\u00f3leo fecha em n\u00edvel m\u00e1ximo em duas semanas"},"content":{"rendered":"<p>Expectativa \u00e9 de que membros da Opep reduzam a produ\u00e7\u00e3o da commodity para novembro.  Os pre\u00e7os do petr\u00f3leo fecharam em forte alta nesta segunda-feira (3), em um mercado otimista com uma poss\u00edvel redu\u00e7\u00e3o significativa a produ\u00e7\u00e3o da Opep , que se re\u00fane nesta quarta para determinar seus n\u00edveis de extra\u00e7\u00e3o para novembro.<br \/>\nEm seu primeiro dia como contrato de refer\u00eancia, o pre\u00e7o do barril de Brent do Mar do Norte para entrega em dezembro fechou em alta de 4,36%, a 88,86 d\u00f3lares, em Londres.<br \/>\nEnquanto isso, em Nova York, o barril de West Texas Intermediate (WTI) para entrega em novembro registrou alta de 5,20%, a 83,63 d\u00f3lares &#8211; um valor m\u00e1ximo no fechamento em duas semanas.<br \/>\n&#8220;Os boatos de que a Opep  discutir\u00e1 um corte na produ\u00e7\u00e3o superior a um milh\u00e3o de barris (di\u00e1rios) esperado, (&#8230;) fez subir os pre\u00e7os&#8221;, resumiu em nota Bart Melek, da TD Securities.<br \/>\n&#8216;A certeza que temos \u00e9 que teremos um per\u00edodo de volatilidade pela frente&#8217;, diz ex-diretor da ANP sobre pre\u00e7o do petr\u00f3leo<br \/>\nOs membros da Opep e seus aliados no \u00e2mbito da Opep  se re\u00fanem nesta quarta, em Viena, para revisar seus n\u00edveis de produ\u00e7\u00e3o para novembro.<\/p>\n","protected":false},"excerpt":{"rendered":"<p>Expectativa \u00e9 de que membros da Opep reduzam a produ\u00e7\u00e3o da commodity para novembro. Os pre\u00e7os do petr\u00f3leo fecharam em forte alta nesta segunda-feira (3), em um mercado otimista com uma poss\u00edvel redu\u00e7\u00e3o significativa a produ\u00e7\u00e3o da Opep , que se re\u00fane nesta quarta para determinar seus n\u00edveis de extra\u00e7\u00e3o para novembro. Em seu primeiro<\/p>\n","protected":false},"author":1,"featured_media":6792,"comment_status":"open","ping_status":"open","sticky":false,"template":"","format":"standard","meta":{"om_disable_all_campaigns":false,"_monsterinsights_skip_tracking":false,"_monsterinsights_sitenote_active":false,"_monsterinsights_sitenote_note":"","_monsterinsights_sitenote_category":0,"footnotes":""},"categories":[43],"tags":[],"class_list":{"0":"post-6791","1":"post","2":"type-post","3":"status-publish","4":"format-standard","5":"has-post-thumbnail","7":"category-economia"},"_links":{"self":[{"href":"https:\/\/comandogeraldanoticia.com.br\/index.php\/wp-json\/wp\/v2\/posts\/6791","targetHints":{"allow":["GET"]}}],"collection":[{"href":"https:\/\/comandogeraldanoticia.com.br\/index.php\/wp-json\/wp\/v2\/posts"}],"about":[{"href":"https:\/\/comandogeraldanoticia.com.br\/index.php\/wp-json\/wp\/v2\/types\/post"}],"author":[{"embeddable":true,"href":"https:\/\/comandogeraldanoticia.com.br\/index.php\/wp-json\/wp\/v2\/users\/1"}],"replies":[{"embeddable":true,"href":"https:\/\/comandogeraldanoticia.com.br\/index.php\/wp-json\/wp\/v2\/comments?post=6791"}],"version-history":[{"count":0,"href":"https:\/\/comandogeraldanoticia.com.br\/index.php\/wp-json\/wp\/v2\/posts\/6791\/revisions"}],"wp:featuredmedia":[{"embeddable":true,"href":"https:\/\/comandogeraldanoticia.com.br\/index.php\/wp-json\/wp\/v2\/media\/6792"}],"wp:attachment":[{"href":"https:\/\/comandogeraldanoticia.com.br\/index.php\/wp-json\/wp\/v2\/media?parent=6791"}],"wp:term":[{"taxonomy":"category","embeddable":true,"href":"https:\/\/comandogeraldanoticia.com.br\/index.php\/wp-json\/wp\/v2\/categories?post=6791"},{"taxonomy":"post_tag","embeddable":true,"href":"https:\/\/comandogeraldanoticia.com.br\/index.php\/wp-json\/wp\/v2\/tags?post=6791"}],"curies":[{"name":"wp","href":"https:\/\/api.w.org\/{rel}","templated":true}]}}