{"id":6789,"date":"2022-10-04T01:10:28","date_gmt":"2022-10-04T01:10:28","guid":{"rendered":"https:\/\/comandogeraldanoticia.com.br\/index.php\/2022\/10\/04\/forcas-da-ucrania-avancam-em-duas-frentes-e-cruzam-linhas-russas-no-sul\/"},"modified":"2022-10-04T01:10:28","modified_gmt":"2022-10-04T01:10:28","slug":"forcas-da-ucrania-avancam-em-duas-frentes-e-cruzam-linhas-russas-no-sul","status":"publish","type":"post","link":"https:\/\/comandogeraldanoticia.com.br\/index.php\/2022\/10\/04\/forcas-da-ucrania-avancam-em-duas-frentes-e-cruzam-linhas-russas-no-sul\/","title":{"rendered":"For\u00e7as da Ucr\u00e2nia avan\u00e7am em duas frentes e cruzam linhas russas no sul"},"content":{"rendered":"<p>Kiev n\u00e3o deu muitos detalhes sobre \u00e1reas reconquistadas, mas at\u00e9 um comandante russo admitiu que h\u00e1 assentamentos que foram perdidos para os ucranianos. Ucr\u00e2nia anuncia novas vit\u00f3rias contra tropas invasoras<br \/>\nAs for\u00e7as ucranianas conseguiram seu maior avan\u00e7o na regi\u00e3o sul do pa\u00eds desde o in\u00edcio da guerra, rompendo as defesas russas e avan\u00e7ando rapidamente ao longo do rio Dnipro nesta segunda-feira (3), amea\u00e7ando as linhas de abastecimento de milhares de soldados russos.<br \/>\nEm um sinal de que a Ucr\u00e2nia est\u00e1 ganhando for\u00e7a em duas frentes, a ag\u00eancia Reuters viu, a 300 km ao nordeste, colunas de ve\u00edculos de tropas ucranianas se deslocando para refor\u00e7ar o centro ferrovi\u00e1rio de Lyman, retomado no fim de semana, e em dire\u00e7\u00e3o um posto de parada para pressionar a regi\u00e3o de Donbass.<br \/>\nKiev deu poucas informa\u00e7\u00f5es sobre os ganhos no sul, mas fontes russas reconheceram que as tropas ucranianas avan\u00e7aram dezenas de quil\u00f4metros ao longo da margem oeste do rio, recapturando v\u00e1rias vilas ao longo do caminho.<br \/>\nO avan\u00e7o reflete os recentes sucessos ucranianos no leste que mudaram a mar\u00e9 da guerra, mesmo quando Moscou tenta manter territ\u00f3rios ocupados ordenando uma nova mobiliza\u00e7\u00e3o e amea\u00e7ando com uma retalia\u00e7\u00e3o nuclear.<br \/>\n&#8220;A informa\u00e7\u00e3o \u00e9 tensa, vamos colocar dessa forma, porque sim, houve de fato avan\u00e7os&#8221;, disse Vladimir Saldo, o l\u00edder russo instalado em partes ocupadas da prov\u00edncia de Kherson, na Ucr\u00e2nia, \u00e0 televis\u00e3o estatal russa.<br \/>\n&#8220;H\u00e1 um assentamento chamado Dudchany, bem ao longo do rio Dnipro, e ali mesmo, naquela regi\u00e3o, houve um avan\u00e7o. H\u00e1 assentamentos ocupados por for\u00e7as ucranianas&#8221;, disse ele.<br \/>\nDudchany fica a cerca de 30 km ao sul de onde a frente estava antes do avan\u00e7o, indicando o avan\u00e7o mais r\u00e1pido da guerra at\u00e9 agora no sul, onde as for\u00e7as russas foram colocadas em posi\u00e7\u00f5es fortemente refor\u00e7adas ao longo de uma linha de frente principalmente est\u00e1tica desde as primeiras semanas da invas\u00e3o.<br \/>\nEmbora Kiev ainda n\u00e3o tenha reportado os desenvolvimentos, oficiais militares e regionais divulgaram alguns detalhes.<br \/>\nSoldados da 128\u00aa Brigada de Assalto de Montanha da Ucr\u00e2nia ergueram a bandeira azul e amarela do pa\u00eds em Myrolyubivka, uma vila entre a antiga frente de combate e o rio Dnipro, de acordo com um v\u00eddeo divulgado pelo Minist\u00e9rio da Defesa.<br \/>\nAnton Gerashchenko, um conselheiro do Minist\u00e9rio do Interior da Ucr\u00e2nia, postou uma foto de soldados ucranianos posando com sua bandeira cobrindo uma est\u00e1tua dourada de um anjo em uma vila que ele disse ser Mikhailivka, na margem do rio, cerca de 20 km al\u00e9m da frente anterior.<br \/>\nSerhiy Khlan, um membro do conselho regional de Kherson, tamb\u00e9m listou Osokorivka, Mykhailivka, Khreschenikvka e Zoloto Balka como aldeias recapturadas, ou onde tropas ucranianas foram fotografadas.<br \/>\n&#8220;Isso significa que nossas for\u00e7as armadas est\u00e3o se movendo poderosamente ao longo das margens do Dnipro, mais perto de Beryslav&#8221;, disse ele.<\/p>\n","protected":false},"excerpt":{"rendered":"<p>Kiev n\u00e3o deu muitos detalhes sobre \u00e1reas reconquistadas, mas at\u00e9 um comandante russo admitiu que h\u00e1 assentamentos que foram perdidos para os ucranianos. Ucr\u00e2nia anuncia novas vit\u00f3rias contra tropas invasoras As for\u00e7as ucranianas conseguiram seu maior avan\u00e7o na regi\u00e3o sul do pa\u00eds desde o in\u00edcio da guerra, rompendo as defesas russas e avan\u00e7ando rapidamente ao<\/p>\n","protected":false},"author":1,"featured_media":6790,"comment_status":"open","ping_status":"open","sticky":false,"template":"","format":"standard","meta":{"om_disable_all_campaigns":false,"_monsterinsights_skip_tracking":false,"_monsterinsights_sitenote_active":false,"_monsterinsights_sitenote_note":"","_monsterinsights_sitenote_category":0,"footnotes":""},"categories":[47],"tags":[],"class_list":{"0":"post-6789","1":"post","2":"type-post","3":"status-publish","4":"format-standard","5":"has-post-thumbnail","7":"category-mundo"},"_links":{"self":[{"href":"https:\/\/comandogeraldanoticia.com.br\/index.php\/wp-json\/wp\/v2\/posts\/6789","targetHints":{"allow":["GET"]}}],"collection":[{"href":"https:\/\/comandogeraldanoticia.com.br\/index.php\/wp-json\/wp\/v2\/posts"}],"about":[{"href":"https:\/\/comandogeraldanoticia.com.br\/index.php\/wp-json\/wp\/v2\/types\/post"}],"author":[{"embeddable":true,"href":"https:\/\/comandogeraldanoticia.com.br\/index.php\/wp-json\/wp\/v2\/users\/1"}],"replies":[{"embeddable":true,"href":"https:\/\/comandogeraldanoticia.com.br\/index.php\/wp-json\/wp\/v2\/comments?post=6789"}],"version-history":[{"count":0,"href":"https:\/\/comandogeraldanoticia.com.br\/index.php\/wp-json\/wp\/v2\/posts\/6789\/revisions"}],"wp:featuredmedia":[{"embeddable":true,"href":"https:\/\/comandogeraldanoticia.com.br\/index.php\/wp-json\/wp\/v2\/media\/6790"}],"wp:attachment":[{"href":"https:\/\/comandogeraldanoticia.com.br\/index.php\/wp-json\/wp\/v2\/media?parent=6789"}],"wp:term":[{"taxonomy":"category","embeddable":true,"href":"https:\/\/comandogeraldanoticia.com.br\/index.php\/wp-json\/wp\/v2\/categories?post=6789"},{"taxonomy":"post_tag","embeddable":true,"href":"https:\/\/comandogeraldanoticia.com.br\/index.php\/wp-json\/wp\/v2\/tags?post=6789"}],"curies":[{"name":"wp","href":"https:\/\/api.w.org\/{rel}","templated":true}]}}