{"id":6775,"date":"2022-10-04T00:13:14","date_gmt":"2022-10-04T00:13:14","guid":{"rendered":"https:\/\/comandogeraldanoticia.com.br\/index.php\/2022\/10\/04\/japao-afirma-que-coreia-do-norte-lancou-missil-por-cima-de-seu-territorio\/"},"modified":"2022-10-04T00:13:14","modified_gmt":"2022-10-04T00:13:14","slug":"japao-afirma-que-coreia-do-norte-lancou-missil-por-cima-de-seu-territorio","status":"publish","type":"post","link":"https:\/\/comandogeraldanoticia.com.br\/index.php\/2022\/10\/04\/japao-afirma-que-coreia-do-norte-lancou-missil-por-cima-de-seu-territorio\/","title":{"rendered":"Jap\u00e3o afirma que Coreia do Norte lan\u00e7ou m\u00edssil por cima de seu territ\u00f3rio"},"content":{"rendered":"<p><img decoding=\"async\" src=\"https:\/\/s2.glbimg.com\/CFaeC5LJXbn4icNjqxel9wLJCbc=\/i.s3.glbimg.com\/v1\/AUTH_59edd422c0c84a879bd37670ae4f538a\/internal_photos\/bs\/2017\/9\/t\/LLukrASWSjSNz6XPoUeg\/2017-09-15t224413z-1214117707-rc1311264db0-rtrmadp-3-northkorea-missiles.jpg\"><br \/>   Segundo o governo, o proj\u00e9til teria ca\u00eddo no Oceano Pac\u00edfico. O l\u00edder norte-coreano Kim Jong-un observa o lan\u00e7amento de um m\u00edssil Hwasong-12 em foto n\u00e3o datada divulgada em 2017<br \/>\nKCNA via Reuters<br \/>\nO governo do Jap\u00e3o afirmou que a Coreia do Norte lan\u00e7ou um m\u00edssil por cima de seu territ\u00f3rio na manh\u00e3 desta ter\u00e7a-feira (4), pela hora local. A informa\u00e7\u00e3o foi corroborada pelas autoridades sul-coreanas.<br \/>\nO secret\u00e1rio-chefe do gabinete de governo japon\u00eas, Hirokazu Matsuno, condenou o disparo, afirmando que &#8220;as repetidas a\u00e7\u00f5es norte-coreanas s\u00e3o um s\u00e9rio desafio para a paz internacional&#8221;.<br \/>\nO gabinete japon\u00eas anunciou no Twitter que  &#8220;se acredita que o m\u00edssil tenha ca\u00eddo no Oceano Pac\u00edfico por volta das 7h29&#8221;. Ele teria ca\u00eddo no mar a cerca de 3.000 km da costa japonesa e poderia tratar-se de um m\u00edssil intercontinental.<br \/>\nLan\u00e7amentos anteriores<br \/>\nNa manh\u00e3 do s\u00e1bado (1\u00ba), a Coreia do Norte disparou um m\u00edssil bal\u00edstico n\u00e3o especificado em dire\u00e7\u00e3o \u00e0 sua costa leste no s\u00e1bado. Havia sido o quarto disparo que Pyongyang realizava em uma semana.<br \/>\nOs lan\u00e7amentos ocorreram depois que os Estados Unidos e a Coreia do Sul realizaram o Ulchi Freedom Shield, o maior exerc\u00edcio militar conjunto em cerca de cinco anos, e depois que a vice-presidente norte-americana, Kamala Harris, visitou Seul na semana passada.<br \/>\nA guarda costeira do Jap\u00e3o tamb\u00e9m relatou pelo menos dois testes de m\u00edsseis bal\u00edsticos anteriores que suspeitam ter sido conduzidos por Pyongyang.  A Coreia do Norte disparou m\u00edsseis antes e depois da visita de Harris \u00e0 Coreia do Sul.<\/p>\n","protected":false},"excerpt":{"rendered":"<p>Segundo o governo, o proj\u00e9til teria ca\u00eddo no Oceano Pac\u00edfico. O l\u00edder norte-coreano Kim Jong-un observa o lan\u00e7amento de um m\u00edssil Hwasong-12 em foto n\u00e3o datada divulgada em 2017 KCNA via Reuters O governo do Jap\u00e3o afirmou que a Coreia do Norte lan\u00e7ou um m\u00edssil por cima de seu territ\u00f3rio na manh\u00e3 desta ter\u00e7a-feira (4),<\/p>\n","protected":false},"author":1,"featured_media":6776,"comment_status":"open","ping_status":"open","sticky":false,"template":"","format":"standard","meta":{"om_disable_all_campaigns":false,"_monsterinsights_skip_tracking":false,"_monsterinsights_sitenote_active":false,"_monsterinsights_sitenote_note":"","_monsterinsights_sitenote_category":0,"footnotes":""},"categories":[47],"tags":[],"class_list":{"0":"post-6775","1":"post","2":"type-post","3":"status-publish","4":"format-standard","5":"has-post-thumbnail","7":"category-mundo"},"_links":{"self":[{"href":"https:\/\/comandogeraldanoticia.com.br\/index.php\/wp-json\/wp\/v2\/posts\/6775","targetHints":{"allow":["GET"]}}],"collection":[{"href":"https:\/\/comandogeraldanoticia.com.br\/index.php\/wp-json\/wp\/v2\/posts"}],"about":[{"href":"https:\/\/comandogeraldanoticia.com.br\/index.php\/wp-json\/wp\/v2\/types\/post"}],"author":[{"embeddable":true,"href":"https:\/\/comandogeraldanoticia.com.br\/index.php\/wp-json\/wp\/v2\/users\/1"}],"replies":[{"embeddable":true,"href":"https:\/\/comandogeraldanoticia.com.br\/index.php\/wp-json\/wp\/v2\/comments?post=6775"}],"version-history":[{"count":0,"href":"https:\/\/comandogeraldanoticia.com.br\/index.php\/wp-json\/wp\/v2\/posts\/6775\/revisions"}],"wp:featuredmedia":[{"embeddable":true,"href":"https:\/\/comandogeraldanoticia.com.br\/index.php\/wp-json\/wp\/v2\/media\/6776"}],"wp:attachment":[{"href":"https:\/\/comandogeraldanoticia.com.br\/index.php\/wp-json\/wp\/v2\/media?parent=6775"}],"wp:term":[{"taxonomy":"category","embeddable":true,"href":"https:\/\/comandogeraldanoticia.com.br\/index.php\/wp-json\/wp\/v2\/categories?post=6775"},{"taxonomy":"post_tag","embeddable":true,"href":"https:\/\/comandogeraldanoticia.com.br\/index.php\/wp-json\/wp\/v2\/tags?post=6775"}],"curies":[{"name":"wp","href":"https:\/\/api.w.org\/{rel}","templated":true}]}}