{"id":6722,"date":"2022-10-03T19:14:35","date_gmt":"2022-10-03T19:14:35","guid":{"rendered":"https:\/\/comandogeraldanoticia.com.br\/index.php\/2022\/10\/03\/obras-da-ubs-camacari-de-dentro-seguem-em-ritmo-acelerado\/"},"modified":"2022-10-03T19:14:35","modified_gmt":"2022-10-03T19:14:35","slug":"obras-da-ubs-camacari-de-dentro-seguem-em-ritmo-acelerado","status":"publish","type":"post","link":"https:\/\/comandogeraldanoticia.com.br\/index.php\/2022\/10\/03\/obras-da-ubs-camacari-de-dentro-seguem-em-ritmo-acelerado\/","title":{"rendered":"Obras da UBS Cama\u00e7ari de Dentro seguem em ritmo acelerado"},"content":{"rendered":"<p>Com previs\u00e3o de entrega e reinaugura\u00e7\u00e3o para dezembro deste ano, as obras da Unidade B\u00e1sica de Sa\u00fade (UBS) do Cama\u00e7ari Dentro se mant\u00eam em ritmo acelerado, seguindo determina\u00e7\u00e3o do secret\u00e1rio da Sa\u00fade, Elias Natan e do prefeito Elinaldo. O espa\u00e7o ser\u00e1 respons\u00e1vel pelo atendimento de cerca de 20 mil pessoas, com atendimentos m\u00e9dicos, ginecol\u00f3gicos, pedi\u00e1tricos, nutricionais, assist\u00eancia social, sa\u00fade bucal, vacina, coleta laboratorial, entre outros servi\u00e7os.<\/p>\n<p>As obras que estavam paradas em decorr\u00eancia da pandemia da Covid-19 e desist\u00eancia da empresa vencedora da licita\u00e7\u00e3o, foram retomadas no dia 1\u00ba de agosto ap\u00f3s todo rito burocr\u00e1tico da Lei de Licita\u00e7\u00f5es e convoca\u00e7\u00e3o da empresa que ficou em segundo lugar. \u201cA demora maior foi o rito burocr\u00e1tico que infelizmente temos que seguir. Mas, agora o servi\u00e7o j\u00e1 est\u00e1 a todo vapor, e em dezembro faremos uma linda festa de reinaugura\u00e7\u00e3o dessa unidade\u201d, afirma Elias Natan.<\/p>\n<p>Tatiane Pires, coordenadora do Distrito Sanit\u00e1rio Sede explicou como ser\u00e1 a estrutura de pessoal da UBS. \u201cTeremos tr\u00eas equipes de sa\u00fade da fam\u00edlia, duas equipes de sa\u00fade bucal, al\u00e9m de especialistas como pediatras, ginecologistas, nutricionistas e assistentes sociais\u201d, detalhou.<\/p>\n<figure class=\"wp-container-4 wp-block-gallery-3 wp-block-gallery has-nested-images columns-default is-cropped\">\n<figure class=\"wp-block-image size-large\"><img loading=\"lazy\" decoding=\"async\" loading=\"lazy\" width=\"2048\" height=\"1365\" data-id=\"182504\" src=\"https:\/\/www.camacari.ba.gov.br\/wp-content\/uploads\/2022\/10\/sesau-requalificacao-unidade-basica-saude-ubs-camacari-de-dentro-jean-victor-3.10.22-9.jpg\" alt=\"\" class=\"wp-image-182504\" srcset=\"https:\/\/www.camacari.ba.gov.br\/wp-content\/uploads\/2022\/10\/sesau-requalificacao-unidade-basica-saude-ubs-camacari-de-dentro-jean-victor-3.10.22-9.jpg 2048w, https:\/\/www.camacari.ba.gov.br\/wp-content\/uploads\/2022\/10\/sesau-requalificacao-unidade-basica-saude-ubs-camacari-de-dentro-jean-victor-3.10.22-9-300x200.jpg 300w, https:\/\/www.camacari.ba.gov.br\/wp-content\/uploads\/2022\/10\/sesau-requalificacao-unidade-basica-saude-ubs-camacari-de-dentro-jean-victor-3.10.22-9-1024x683.jpg 1024w, https:\/\/www.camacari.ba.gov.br\/wp-content\/uploads\/2022\/10\/sesau-requalificacao-unidade-basica-saude-ubs-camacari-de-dentro-jean-victor-3.10.22-9-768x512.jpg 768w\" sizes=\"auto, (max-width: 2048px) 100vw, 2048px\"><\/figure>\n<figure class=\"wp-block-image size-large\"><img loading=\"lazy\" decoding=\"async\" loading=\"lazy\" width=\"2048\" height=\"1365\" data-id=\"182503\" src=\"https:\/\/www.camacari.ba.gov.br\/wp-content\/uploads\/2022\/10\/sesau-requalificacao-unidade-basica-saude-ubs-camacari-de-dentro-jean-victor-3.10.22-8.jpg\" alt=\"\" class=\"wp-image-182503\" srcset=\"https:\/\/www.camacari.ba.gov.br\/wp-content\/uploads\/2022\/10\/sesau-requalificacao-unidade-basica-saude-ubs-camacari-de-dentro-jean-victor-3.10.22-8.jpg 2048w, https:\/\/www.camacari.ba.gov.br\/wp-content\/uploads\/2022\/10\/sesau-requalificacao-unidade-basica-saude-ubs-camacari-de-dentro-jean-victor-3.10.22-8-300x200.jpg 300w, https:\/\/www.camacari.ba.gov.br\/wp-content\/uploads\/2022\/10\/sesau-requalificacao-unidade-basica-saude-ubs-camacari-de-dentro-jean-victor-3.10.22-8-1024x683.jpg 1024w, https:\/\/www.camacari.ba.gov.br\/wp-content\/uploads\/2022\/10\/sesau-requalificacao-unidade-basica-saude-ubs-camacari-de-dentro-jean-victor-3.10.22-8-768x512.jpg 768w\" sizes=\"auto, (max-width: 2048px) 100vw, 2048px\"><\/figure>\n<figure class=\"wp-block-image size-large\"><img loading=\"lazy\" decoding=\"async\" loading=\"lazy\" width=\"2048\" height=\"1365\" data-id=\"182505\" src=\"https:\/\/www.camacari.ba.gov.br\/wp-content\/uploads\/2022\/10\/sesau-requalificacao-unidade-basica-saude-ubs-camacari-de-dentro-jean-victor-3.10.22-10.jpg\" alt=\"\" class=\"wp-image-182505\" srcset=\"https:\/\/www.camacari.ba.gov.br\/wp-content\/uploads\/2022\/10\/sesau-requalificacao-unidade-basica-saude-ubs-camacari-de-dentro-jean-victor-3.10.22-10.jpg 2048w, https:\/\/www.camacari.ba.gov.br\/wp-content\/uploads\/2022\/10\/sesau-requalificacao-unidade-basica-saude-ubs-camacari-de-dentro-jean-victor-3.10.22-10-300x200.jpg 300w, https:\/\/www.camacari.ba.gov.br\/wp-content\/uploads\/2022\/10\/sesau-requalificacao-unidade-basica-saude-ubs-camacari-de-dentro-jean-victor-3.10.22-10-1024x683.jpg 1024w, https:\/\/www.camacari.ba.gov.br\/wp-content\/uploads\/2022\/10\/sesau-requalificacao-unidade-basica-saude-ubs-camacari-de-dentro-jean-victor-3.10.22-10-768x512.jpg 768w\" sizes=\"auto, (max-width: 2048px) 100vw, 2048px\"><\/figure>\n<figure class=\"wp-block-image size-large\"><img loading=\"lazy\" decoding=\"async\" loading=\"lazy\" width=\"2048\" height=\"1365\" data-id=\"182506\" src=\"https:\/\/www.camacari.ba.gov.br\/wp-content\/uploads\/2022\/10\/sesau-requalificacao-unidade-basica-saude-ubs-camacari-de-dentro-jean-victor-3.10.22-12.jpg\" alt=\"\" class=\"wp-image-182506\" srcset=\"https:\/\/www.camacari.ba.gov.br\/wp-content\/uploads\/2022\/10\/sesau-requalificacao-unidade-basica-saude-ubs-camacari-de-dentro-jean-victor-3.10.22-12.jpg 2048w, https:\/\/www.camacari.ba.gov.br\/wp-content\/uploads\/2022\/10\/sesau-requalificacao-unidade-basica-saude-ubs-camacari-de-dentro-jean-victor-3.10.22-12-300x200.jpg 300w, https:\/\/www.camacari.ba.gov.br\/wp-content\/uploads\/2022\/10\/sesau-requalificacao-unidade-basica-saude-ubs-camacari-de-dentro-jean-victor-3.10.22-12-1024x683.jpg 1024w, https:\/\/www.camacari.ba.gov.br\/wp-content\/uploads\/2022\/10\/sesau-requalificacao-unidade-basica-saude-ubs-camacari-de-dentro-jean-victor-3.10.22-12-768x512.jpg 768w\" sizes=\"auto, (max-width: 2048px) 100vw, 2048px\"><\/figure>\n<figure class=\"wp-block-image size-large\"><img loading=\"lazy\" decoding=\"async\" loading=\"lazy\" width=\"2048\" height=\"1365\" data-id=\"182507\" src=\"https:\/\/www.camacari.ba.gov.br\/wp-content\/uploads\/2022\/10\/sesau-requalificacao-unidade-basica-saude-ubs-camacari-de-dentro-jean-victor-3.10.22-22.jpg\" alt=\"\" class=\"wp-image-182507\" srcset=\"https:\/\/www.camacari.ba.gov.br\/wp-content\/uploads\/2022\/10\/sesau-requalificacao-unidade-basica-saude-ubs-camacari-de-dentro-jean-victor-3.10.22-22.jpg 2048w, https:\/\/www.camacari.ba.gov.br\/wp-content\/uploads\/2022\/10\/sesau-requalificacao-unidade-basica-saude-ubs-camacari-de-dentro-jean-victor-3.10.22-22-300x200.jpg 300w, https:\/\/www.camacari.ba.gov.br\/wp-content\/uploads\/2022\/10\/sesau-requalificacao-unidade-basica-saude-ubs-camacari-de-dentro-jean-victor-3.10.22-22-1024x683.jpg 1024w, https:\/\/www.camacari.ba.gov.br\/wp-content\/uploads\/2022\/10\/sesau-requalificacao-unidade-basica-saude-ubs-camacari-de-dentro-jean-victor-3.10.22-22-768x512.jpg 768w\" sizes=\"auto, (max-width: 2048px) 100vw, 2048px\"><\/figure><figcaption class=\"blocks-gallery-caption\">Obras da UBS Cama\u00e7ari de Dentro \u2013 Foto: Jean Victor<\/figcaption><\/figure>\n","protected":false},"excerpt":{"rendered":"<p>Com previs\u00e3o de entrega e reinaugura\u00e7\u00e3o para dezembro deste ano, as obras da Unidade B\u00e1sica de Sa\u00fade (UBS) do Cama\u00e7ari Dentro se mant\u00eam em ritmo acelerado, seguindo determina\u00e7\u00e3o do secret\u00e1rio da Sa\u00fade, Elias Natan e do prefeito Elinaldo. O espa\u00e7o ser\u00e1 respons\u00e1vel pelo atendimento de cerca de 20 mil pessoas, com atendimentos m\u00e9dicos, ginecol\u00f3gicos, pedi\u00e1tricos,<\/p>\n","protected":false},"author":1,"featured_media":6723,"comment_status":"open","ping_status":"open","sticky":false,"template":"","format":"standard","meta":{"om_disable_all_campaigns":false,"_monsterinsights_skip_tracking":false,"_monsterinsights_sitenote_active":false,"_monsterinsights_sitenote_note":"","_monsterinsights_sitenote_category":0,"footnotes":""},"categories":[40],"tags":[],"class_list":{"0":"post-6722","1":"post","2":"type-post","3":"status-publish","4":"format-standard","5":"has-post-thumbnail","7":"category-camacari"},"_links":{"self":[{"href":"https:\/\/comandogeraldanoticia.com.br\/index.php\/wp-json\/wp\/v2\/posts\/6722","targetHints":{"allow":["GET"]}}],"collection":[{"href":"https:\/\/comandogeraldanoticia.com.br\/index.php\/wp-json\/wp\/v2\/posts"}],"about":[{"href":"https:\/\/comandogeraldanoticia.com.br\/index.php\/wp-json\/wp\/v2\/types\/post"}],"author":[{"embeddable":true,"href":"https:\/\/comandogeraldanoticia.com.br\/index.php\/wp-json\/wp\/v2\/users\/1"}],"replies":[{"embeddable":true,"href":"https:\/\/comandogeraldanoticia.com.br\/index.php\/wp-json\/wp\/v2\/comments?post=6722"}],"version-history":[{"count":0,"href":"https:\/\/comandogeraldanoticia.com.br\/index.php\/wp-json\/wp\/v2\/posts\/6722\/revisions"}],"wp:featuredmedia":[{"embeddable":true,"href":"https:\/\/comandogeraldanoticia.com.br\/index.php\/wp-json\/wp\/v2\/media\/6723"}],"wp:attachment":[{"href":"https:\/\/comandogeraldanoticia.com.br\/index.php\/wp-json\/wp\/v2\/media?parent=6722"}],"wp:term":[{"taxonomy":"category","embeddable":true,"href":"https:\/\/comandogeraldanoticia.com.br\/index.php\/wp-json\/wp\/v2\/categories?post=6722"},{"taxonomy":"post_tag","embeddable":true,"href":"https:\/\/comandogeraldanoticia.com.br\/index.php\/wp-json\/wp\/v2\/tags?post=6722"}],"curies":[{"name":"wp","href":"https:\/\/api.w.org\/{rel}","templated":true}]}}