{"id":67086,"date":"2025-09-05T10:02:01","date_gmt":"2025-09-05T10:02:01","guid":{"rendered":"https:\/\/comandogeraldanoticia.com.br\/?p=67086"},"modified":"2025-09-05T10:02:02","modified_gmt":"2025-09-05T10:02:02","slug":"governador-sanciona-19o-emprestimo-quantia-e-de-r-45-bi","status":"publish","type":"post","link":"https:\/\/comandogeraldanoticia.com.br\/index.php\/2025\/09\/05\/governador-sanciona-19o-emprestimo-quantia-e-de-r-45-bi\/","title":{"rendered":"Governador sanciona 19\u00ba empr\u00e9stimo; quantia \u00e9 de R$ 4,5 bi"},"content":{"rendered":"\n<p>O governador Jer\u00f4nimo Rodrigues (PT) sancionou ontem (4) a lei que autoriza o governo a contratar um empr\u00e9stimo de R$ 4,5 bilh\u00f5es (JPY$ 122,5 bilh\u00f5es de ienes) junto ao Banco Internacional para Reconstru\u00e7\u00e3o e Desenvolvimento (BIRD). Os recursos, segundo o texto, ser\u00e3o aplicados na melhoria do perfil de endividamento do Estado, por meio da substitui\u00e7\u00e3o de parte da d\u00edvida atual por um financiamento em condi\u00e7\u00f5es mais vantajosas, com menor custo e prazo maior.<\/p>\n\n\n\n<p>Vale lembrar que esse \u00e9 o 19\u00ba pedido de empr\u00e9stimo feito por Jer\u00f4nimo desde o in\u00edcio de seu mandato, em 2023, totalizando cerca de R$ 23 bilh\u00f5es. Foi tamb\u00e9m a primeira vez que a gest\u00e3o optou por uma opera\u00e7\u00e3o em ienes, moeda oficial do Jap\u00e3o, em vez de d\u00f3lar ou euro.<\/p>\n\n\n\n<p>A defini\u00e7\u00e3o pelo iene levou em conta estudo que considerou a moeda japonesa a mais est\u00e1vel, oferecendo, portanto, melhores condi\u00e7\u00f5es para a contrata\u00e7\u00e3o do financiamento. O trabalho fez compara\u00e7\u00f5es com moedas como d\u00f3lar e euro\u201d, explicou, em nota, a Secretaria da Fazenda da Bahia (Sefaz).<\/p>\n\n\n\n<p>A pasta estima que a nova opera\u00e7\u00e3o, a ser firmada junto ao Banco Mundial, gere uma economia de aproximadamente R$ 1 bilh\u00e3o para os cofres estaduais. O \u00f3rg\u00e3o tamb\u00e9m destacou que a d\u00edvida consolidada l\u00edquida da Bahia correspondia, no fim de 2024, a 37% da receita corrente l\u00edquida, \u00edndice que caiu para 32% no primeiro quadrimestre de 2025. Pela legisla\u00e7\u00e3o, a d\u00edvida de um estado n\u00e3o pode ultrapassar o limite de 200% da receita.<\/p>\n\n\n\n<p>Dados do Sistema de Informa\u00e7\u00f5es Cont\u00e1beis e Fiscais do Setor P\u00fablico Brasileiro (Siconfi), do Tesouro Nacional, mostram que o endividamento baiano est\u00e1 abaixo do registrado em grandes estados. O Rio de Janeiro, por exemplo, tem d\u00edvida equivalente a 199% da receita corrente l\u00edquida, seguido por Rio Grande do Sul (179%), Minas Gerais (151%) e S\u00e3o Paulo (119%).<\/p>\n\n\n\n<p>O secret\u00e1rio da Fazenda, Manoel Vit\u00f3rio, afirmou que a Bahia mant\u00e9m a d\u00edvida sob controle devido \u00e0 trajet\u00f3ria de redu\u00e7\u00e3o do passivo nos \u00faltimos anos e ao cumprimento regular das parcelas. \u201cAs opera\u00e7\u00f5es de cr\u00e9dito que v\u00eam sendo autorizadas pela Assembleia Legislativa e contratadas pelo governo baiano est\u00e3o tecnicamente respaldadas pela consistente realidade financeira das contas do Estado da Bahia, que seguem em equil\u00edbrio fiscal, com baixo endividamento\u201d, disse.<\/p>\n\n\n\n<p>A autoriza\u00e7\u00e3o para a contrata\u00e7\u00e3o do empr\u00e9stimo foi concedida pela Assembleia Legislativa da Bahia (AL-BA) no \u00faltimo dia 26. Na ocasi\u00e3o, apenas a bancada de oposi\u00e7\u00e3o votou contra.<\/p>\n\n\n\n<p><strong>2026<\/strong><\/p>\n\n\n\n<p>Jer\u00f4nimo comentou sobre o futuro pol\u00edtico do ministro da Casa Civil, Rui Costa (PT), descartando a possibilidade de uma candidatura dele a deputado federal em 2026. \u201cGente, n\u00e3o tem nada. Todos os dias a gente v\u00ea uma novidade. N\u00e3o temos nada de informa\u00e7\u00e3o sobre isso. N\u00e3o ouvi falar, at\u00e9 agora, nada de [concorrer a deputado] federal, pelo contr\u00e1rio\u201d, disse.<\/p>\n\n\n\n<p>Segundo o governador, a prioridade \u00e9 fortalecer a base aliada para a disputa do pr\u00f3ximo ano. \u201c[O ministro] se colocou \u00e0 disposi\u00e7\u00e3o do grupo como candidato a um espa\u00e7o no Senado. N\u00e3o tem nada disso que eu saiba. Est\u00e1 cedo ainda para a gente poder fechar. N\u00f3s estamos construindo. Vamos conseguir montar uma chapa forte, competitiva e unida no grupo\u201d, completou Jer\u00f4nimo.<\/p>\n","protected":false},"excerpt":{"rendered":"<p>O governador Jer\u00f4nimo Rodrigues (PT) sancionou ontem (4) a lei que autoriza o governo a contratar um empr\u00e9stimo de R$ 4,5 bilh\u00f5es (JPY$ 122,5 bilh\u00f5es de ienes) junto ao Banco Internacional para Reconstru\u00e7\u00e3o e Desenvolvimento (BIRD). Os recursos, segundo o texto, ser\u00e3o aplicados na melhoria do perfil de endividamento do Estado, por meio da substitui\u00e7\u00e3o<\/p>\n","protected":false},"author":5,"featured_media":67087,"comment_status":"open","ping_status":"open","sticky":false,"template":"","format":"standard","meta":{"om_disable_all_campaigns":false,"_monsterinsights_skip_tracking":false,"_monsterinsights_sitenote_active":false,"_monsterinsights_sitenote_note":"","_monsterinsights_sitenote_category":0,"footnotes":""},"categories":[71],"tags":[],"class_list":{"0":"post-67086","1":"post","2":"type-post","3":"status-publish","4":"format-standard","5":"has-post-thumbnail","7":"category-politica"},"_links":{"self":[{"href":"https:\/\/comandogeraldanoticia.com.br\/index.php\/wp-json\/wp\/v2\/posts\/67086","targetHints":{"allow":["GET"]}}],"collection":[{"href":"https:\/\/comandogeraldanoticia.com.br\/index.php\/wp-json\/wp\/v2\/posts"}],"about":[{"href":"https:\/\/comandogeraldanoticia.com.br\/index.php\/wp-json\/wp\/v2\/types\/post"}],"author":[{"embeddable":true,"href":"https:\/\/comandogeraldanoticia.com.br\/index.php\/wp-json\/wp\/v2\/users\/5"}],"replies":[{"embeddable":true,"href":"https:\/\/comandogeraldanoticia.com.br\/index.php\/wp-json\/wp\/v2\/comments?post=67086"}],"version-history":[{"count":1,"href":"https:\/\/comandogeraldanoticia.com.br\/index.php\/wp-json\/wp\/v2\/posts\/67086\/revisions"}],"predecessor-version":[{"id":67088,"href":"https:\/\/comandogeraldanoticia.com.br\/index.php\/wp-json\/wp\/v2\/posts\/67086\/revisions\/67088"}],"wp:featuredmedia":[{"embeddable":true,"href":"https:\/\/comandogeraldanoticia.com.br\/index.php\/wp-json\/wp\/v2\/media\/67087"}],"wp:attachment":[{"href":"https:\/\/comandogeraldanoticia.com.br\/index.php\/wp-json\/wp\/v2\/media?parent=67086"}],"wp:term":[{"taxonomy":"category","embeddable":true,"href":"https:\/\/comandogeraldanoticia.com.br\/index.php\/wp-json\/wp\/v2\/categories?post=67086"},{"taxonomy":"post_tag","embeddable":true,"href":"https:\/\/comandogeraldanoticia.com.br\/index.php\/wp-json\/wp\/v2\/tags?post=67086"}],"curies":[{"name":"wp","href":"https:\/\/api.w.org\/{rel}","templated":true}]}}