{"id":67083,"date":"2025-09-05T02:10:59","date_gmt":"2025-09-05T02:10:59","guid":{"rendered":"https:\/\/comandogeraldanoticia.com.br\/?p=67083"},"modified":"2025-09-05T02:10:59","modified_gmt":"2025-09-05T02:10:59","slug":"bahia-lidera-producao-de-graos-no-nordeste","status":"publish","type":"post","link":"https:\/\/comandogeraldanoticia.com.br\/index.php\/2025\/09\/05\/bahia-lidera-producao-de-graos-no-nordeste\/","title":{"rendered":"Bahia lidera produ\u00e7\u00e3o de gr\u00e3os no Nordeste"},"content":{"rendered":"\n<p>Search here &#8230;Fato VerdadeBahia lidera produ\u00e7\u00e3o de gr\u00e3os no Nordeste Home &#8211; hj Economia &#8211; hjBahia lidera produ\u00e7\u00e3o de gr\u00e3os no NordesteBahia lidera produ\u00e7\u00e3o de gr\u00e3os no NordesteEconomia Setembro 5, 2025PatriciaBy Patricia &#8211;   24 minutos ago 0  6  2 minutes readGoogle+LinkedInWhatsappStumbleUponTumblrPinterestRedditShare via EmailPrintA Bahia deve colher quase 13,6 milh\u00f5es de toneladas de gr\u00e3os na safra 2024\/25, segundo o 11\u00ba levantamento divulgado pela Companhia Nacional de Abastecimento (Conab), divulgado na \u00faltima segunda-feira (1\u00ba). <\/p>\n\n\n\n<p>O volume representa um crescimento de 9,6% em rela\u00e7\u00e3o \u00e0 safra anterior e consolida o estado como l\u00edder regional, respondendo por 44% de toda a produ\u00e7\u00e3o de gr\u00e3os do Nordeste. A produ\u00e7\u00e3o baiana se destaca pelo uso de tecnologia, irriga\u00e7\u00e3o, pr\u00e1ticas sustent\u00e1veis e o apoio do Governo da Bahia, por meio da Secretaria da Agricultura, Pecu\u00e1ria, Irriga\u00e7\u00e3o, Pesca e Aquicultura (Seagri). As a\u00e7\u00f5es t\u00eam impulsionado a produtividade e a expans\u00e3o da \u00e1rea plantada no estado.<\/p>\n\n\n\n<p> A \u00e1rea total cultivada no estado deve atingir 3,9 milh\u00f5es de hectares, um aumento de 3,2% em rela\u00e7\u00e3o ao ciclo anterior. A produtividade m\u00e9dia tamb\u00e9m subiu, passando de 3.288 kg\/ha para 3.477 kg\/ha, expans\u00e3o de 5,7%. \u201cCom os n\u00fameros alcan\u00e7ados neste ciclo, a Bahia reafirma sua for\u00e7a no cen\u00e1rio agr\u00edcola nacional e sua lideran\u00e7a no Nordeste. Eles refletem o trabalho incans\u00e1vel dos nossos produtores, o investimento em tecnologia e a efici\u00eancia das pol\u00edticas p\u00fablicas implementadas pelo Governo do Estado, atrav\u00e9s da Seagri\u201d, destacou o titular da pasta, Pablo Barrozo. Lideran\u00e7a \u2013 A soja segue como a principal cultura da Bahia, com produ\u00e7\u00e3o estimada em 8,71 milh\u00f5es de toneladas, um salto de 16,5% em rela\u00e7\u00e3o \u00e0 safra passada.<\/p>\n\n\n\n<p> A \u00e1rea plantada com a oleaginosa \u00e9 de 2,135 milh\u00f5es de hectares, mais da metade da \u00e1rea total de gr\u00e3os no estado. O algod\u00e3o tamb\u00e9m apresentou forte avan\u00e7o, com crescimento de 13,6%, passando de 1,68 milh\u00e3o para 1,91 milh\u00f5es de toneladas. A \u00e1rea plantada com a fibra \u00e9 de 413 mil hectares, um aumento de 12,5%. J\u00e1 o milho teve alta de 14,2%, alcan\u00e7ando 2,53 milh\u00e3o de toneladas. Produtividade \u2013 A produtividade da soja na Bahia permanece entre as maiores do pa\u00eds. <\/p>\n\n\n\n<p>Segundo a Associa\u00e7\u00e3o de Agricultores e Irrigantes da Bahia (Aiba), a m\u00e9dia \u00e9 de 68 sacas por hectare, acima da m\u00e9dia nacional estimada pela Conab, de 60 sacas\/ha. Segundo o agr\u00f4nomo e diretor de Agricultura da Seagri, Assis Pinheiro, as condi\u00e7\u00f5es de solo e clima do Oeste baiano t\u00eam sido fundamentais para esse desempenho. \u201cA regi\u00e3o re\u00fane solos f\u00e9rteis e bem drenados, chuvas regulares no per\u00edodo produtivo e alta incid\u00eancia solar, criando um ambiente ideal para o cultivo de gr\u00e3os com alta produtividade\u201d, destaca.<\/p>\n","protected":false},"excerpt":{"rendered":"<p>Search here &#8230;Fato VerdadeBahia lidera produ\u00e7\u00e3o de gr\u00e3os no Nordeste Home &#8211; hj Economia &#8211; hjBahia lidera produ\u00e7\u00e3o de gr\u00e3os no NordesteBahia lidera produ\u00e7\u00e3o de gr\u00e3os no NordesteEconomia Setembro 5, 2025PatriciaBy Patricia &#8211; 24 minutos ago 0 6 2 minutes readGoogle+LinkedInWhatsappStumbleUponTumblrPinterestRedditShare via EmailPrintA Bahia deve colher quase 13,6 milh\u00f5es de toneladas de gr\u00e3os na safra<\/p>\n","protected":false},"author":5,"featured_media":67084,"comment_status":"open","ping_status":"open","sticky":false,"template":"","format":"standard","meta":{"om_disable_all_campaigns":false,"_monsterinsights_skip_tracking":false,"_monsterinsights_sitenote_active":false,"_monsterinsights_sitenote_note":"","_monsterinsights_sitenote_category":0,"footnotes":""},"categories":[43],"tags":[],"class_list":{"0":"post-67083","1":"post","2":"type-post","3":"status-publish","4":"format-standard","5":"has-post-thumbnail","7":"category-economia"},"_links":{"self":[{"href":"https:\/\/comandogeraldanoticia.com.br\/index.php\/wp-json\/wp\/v2\/posts\/67083","targetHints":{"allow":["GET"]}}],"collection":[{"href":"https:\/\/comandogeraldanoticia.com.br\/index.php\/wp-json\/wp\/v2\/posts"}],"about":[{"href":"https:\/\/comandogeraldanoticia.com.br\/index.php\/wp-json\/wp\/v2\/types\/post"}],"author":[{"embeddable":true,"href":"https:\/\/comandogeraldanoticia.com.br\/index.php\/wp-json\/wp\/v2\/users\/5"}],"replies":[{"embeddable":true,"href":"https:\/\/comandogeraldanoticia.com.br\/index.php\/wp-json\/wp\/v2\/comments?post=67083"}],"version-history":[{"count":1,"href":"https:\/\/comandogeraldanoticia.com.br\/index.php\/wp-json\/wp\/v2\/posts\/67083\/revisions"}],"predecessor-version":[{"id":67085,"href":"https:\/\/comandogeraldanoticia.com.br\/index.php\/wp-json\/wp\/v2\/posts\/67083\/revisions\/67085"}],"wp:featuredmedia":[{"embeddable":true,"href":"https:\/\/comandogeraldanoticia.com.br\/index.php\/wp-json\/wp\/v2\/media\/67084"}],"wp:attachment":[{"href":"https:\/\/comandogeraldanoticia.com.br\/index.php\/wp-json\/wp\/v2\/media?parent=67083"}],"wp:term":[{"taxonomy":"category","embeddable":true,"href":"https:\/\/comandogeraldanoticia.com.br\/index.php\/wp-json\/wp\/v2\/categories?post=67083"},{"taxonomy":"post_tag","embeddable":true,"href":"https:\/\/comandogeraldanoticia.com.br\/index.php\/wp-json\/wp\/v2\/tags?post=67083"}],"curies":[{"name":"wp","href":"https:\/\/api.w.org\/{rel}","templated":true}]}}