{"id":67077,"date":"2025-09-05T02:05:36","date_gmt":"2025-09-05T02:05:36","guid":{"rendered":"https:\/\/comandogeraldanoticia.com.br\/?p=67077"},"modified":"2025-09-05T02:05:37","modified_gmt":"2025-09-05T02:05:37","slug":"ue-reconhece-brasil-livre-de-gripe-aviaria-e-pode-retomar-compra-de-frango","status":"publish","type":"post","link":"https:\/\/comandogeraldanoticia.com.br\/index.php\/2025\/09\/05\/ue-reconhece-brasil-livre-de-gripe-aviaria-e-pode-retomar-compra-de-frango\/","title":{"rendered":"UE reconhece Brasil livre de gripe avi\u00e1ria e pode retomar compra de frango"},"content":{"rendered":"\n<p>A Uni\u00e3o Europeia reconheceu que o Brasil est\u00e1 livre da gripe avi\u00e1ria. O reconhecimento do status possibilitar\u00e1 que o bloco volte a importar carne de frango brasileira. A informa\u00e7\u00e3o foi divulgada pelo ministro da Agricultura, Carlos F\u00e1varo.<\/p>\n\n\n\n<p>O chefe da pasta se reuniu com o comiss\u00e1rio da Uni\u00e3o Europeia, Oliv\u00e9r V\u00e1rhelyi, nesta quinta-feira (4). O ministro da Pesca, Andr\u00e9 de Paula, tamb\u00e9m participou do encontro virtual.De acordo com F\u00e1varo, V\u00e1rhelyi se comprometeu a fazer uma reuni\u00e3o com os estados-membros da Uni\u00e3o Europeia para retirar as barreiras sanit\u00e1rias \u00e0 importa\u00e7\u00e3o do frango produzido no Brasil e retomar o &#8220;pre-listing&#8221;, processo de equival\u00eancia de sistemas de inspe\u00e7\u00e3o sanit\u00e1ria para as exporta\u00e7\u00f5es brasileiras.<\/p>\n\n\n\n<p>Al\u00e9m disso, o comiss\u00e1rio da Uni\u00e3o Europeia sinalizou que vai instaurar uma auditoria para vistoriar as plantas frigor\u00edficas de pescados brasileiros, o que pode ampliar o mercado para o bloco.O Brasil se declarou livre de gripe avi\u00e1ria em 18 de junho, ap\u00f3s o fim do prazo do vazio sanit\u00e1rio a partir da confirma\u00e7\u00e3o de um caso da doen\u00e7a em uma granja comercial em Montenegro (RS). A notifica\u00e7\u00e3o formal foi enviada \u00e0 OMSA (Organiza\u00e7\u00e3o Mundial de Sa\u00fade Animal).<\/p>\n\n\n\n<p>A notifica\u00e7\u00e3o formal foi enviada \u00e0 OMSA (Organiza\u00e7\u00e3o Mundial de Sa\u00fade Animal).Mais de 40 mercados anunciaram algum tipo de restri\u00e7\u00e3o \u00e0s aves brasileiras desde a confirma\u00e7\u00e3o do foco no Rio Grande do Sul. Ap\u00f3s se declarar livre de gripe avi\u00e1ria, alguns pa\u00edses voltaram a comprar frango do Brasil.<\/p>\n\n\n\n<p>Fonte: Fonte: CNN Brasil \/ Foto: Divulga\u00e7\u00e3o\/Internet<\/p>\n","protected":false},"excerpt":{"rendered":"<p>A Uni\u00e3o Europeia reconheceu que o Brasil est\u00e1 livre da gripe avi\u00e1ria. O reconhecimento do status possibilitar\u00e1 que o bloco volte a importar carne de frango brasileira. A informa\u00e7\u00e3o foi divulgada pelo ministro da Agricultura, Carlos F\u00e1varo. O chefe da pasta se reuniu com o comiss\u00e1rio da Uni\u00e3o Europeia, Oliv\u00e9r V\u00e1rhelyi, nesta quinta-feira (4). O<\/p>\n","protected":false},"author":5,"featured_media":67078,"comment_status":"open","ping_status":"open","sticky":false,"template":"","format":"standard","meta":{"om_disable_all_campaigns":false,"_monsterinsights_skip_tracking":false,"_monsterinsights_sitenote_active":false,"_monsterinsights_sitenote_note":"","_monsterinsights_sitenote_category":0,"footnotes":""},"categories":[39],"tags":[],"class_list":{"0":"post-67077","1":"post","2":"type-post","3":"status-publish","4":"format-standard","5":"has-post-thumbnail","7":"category-brasil"},"_links":{"self":[{"href":"https:\/\/comandogeraldanoticia.com.br\/index.php\/wp-json\/wp\/v2\/posts\/67077","targetHints":{"allow":["GET"]}}],"collection":[{"href":"https:\/\/comandogeraldanoticia.com.br\/index.php\/wp-json\/wp\/v2\/posts"}],"about":[{"href":"https:\/\/comandogeraldanoticia.com.br\/index.php\/wp-json\/wp\/v2\/types\/post"}],"author":[{"embeddable":true,"href":"https:\/\/comandogeraldanoticia.com.br\/index.php\/wp-json\/wp\/v2\/users\/5"}],"replies":[{"embeddable":true,"href":"https:\/\/comandogeraldanoticia.com.br\/index.php\/wp-json\/wp\/v2\/comments?post=67077"}],"version-history":[{"count":1,"href":"https:\/\/comandogeraldanoticia.com.br\/index.php\/wp-json\/wp\/v2\/posts\/67077\/revisions"}],"predecessor-version":[{"id":67079,"href":"https:\/\/comandogeraldanoticia.com.br\/index.php\/wp-json\/wp\/v2\/posts\/67077\/revisions\/67079"}],"wp:featuredmedia":[{"embeddable":true,"href":"https:\/\/comandogeraldanoticia.com.br\/index.php\/wp-json\/wp\/v2\/media\/67078"}],"wp:attachment":[{"href":"https:\/\/comandogeraldanoticia.com.br\/index.php\/wp-json\/wp\/v2\/media?parent=67077"}],"wp:term":[{"taxonomy":"category","embeddable":true,"href":"https:\/\/comandogeraldanoticia.com.br\/index.php\/wp-json\/wp\/v2\/categories?post=67077"},{"taxonomy":"post_tag","embeddable":true,"href":"https:\/\/comandogeraldanoticia.com.br\/index.php\/wp-json\/wp\/v2\/tags?post=67077"}],"curies":[{"name":"wp","href":"https:\/\/api.w.org\/{rel}","templated":true}]}}