{"id":67069,"date":"2025-09-04T14:50:54","date_gmt":"2025-09-04T14:50:54","guid":{"rendered":"https:\/\/comandogeraldanoticia.com.br\/?p=67069"},"modified":"2025-09-04T14:50:54","modified_gmt":"2025-09-04T14:50:54","slug":"emplacamento-de-veiculos-acumula-melhor-resultado-desde-2014","status":"publish","type":"post","link":"https:\/\/comandogeraldanoticia.com.br\/index.php\/2025\/09\/04\/emplacamento-de-veiculos-acumula-melhor-resultado-desde-2014\/","title":{"rendered":"Emplacamento de ve\u00edculos acumula melhor resultado desde 2014"},"content":{"rendered":"\n<p>As vendas de ve\u00edculos automotores mantiveram em agosto o ritmo de alta e acumulam em 2025 o melhor resultado desde 2014. Os dados foram divulgados nesta quarta-feira (3) pela&nbsp;Federa\u00e7\u00e3o Nacional da Distribui\u00e7\u00e3o de Ve\u00edculos Automotores (Fenabrave).<img decoding=\"async\" src=\"https:\/\/agenciabrasil.ebc.com.br\/ebc.png?id=1657006&amp;o=node\"><img decoding=\"async\" src=\"https:\/\/agenciabrasil.ebc.com.br\/ebc.gif?id=1657006&amp;o=node\"><\/p>\n\n\n\n<p>No m\u00eas passado, foram emplacados 431.079 ve\u00edculos,&nbsp;sendo a&nbsp;maioria de motos (185.454) e carros leves (172.280). Nos primeiros oito meses de 2025, o setor contabiliza 3.229.726 unidades emplacadas \u2500&nbsp;uma alta de 6,6% sobre 2024.&nbsp;<strong>Com este resultado, a Fenabrave mant\u00e9m as estimativas para o ano, que s\u00e3o de alta de 6,2% no ano.<\/strong><\/p>\n\n\n\n<p>Com dois dias \u00fateis a menos que julho,&nbsp;agosto teve uma queda de 5,9% nos emplacamentos na compara\u00e7\u00e3o com o m\u00eas imediatamente anterior. A m\u00e9dia di\u00e1ria de vendas subiu&nbsp;de 19.914 unidades, em julho, para 20.527, em agosto.<\/p>\n\n\n\n<p><strong>A previs\u00e3o do setor \u00e9 que haja&nbsp;alta de 10% nas vendas de motocicletas em 2025.<\/strong> Por outro lado, h\u00e1 expectativa de&nbsp;queda de 7% nos emplacamentos de caminh\u00f5es.&nbsp;Carros leves e utilit\u00e1rios t\u00eam previs\u00e3o mantida de 5% de expans\u00e3o nas vendas, e \u00f4nibus t\u00eam previs\u00e3o de aumento de 6%.<\/p>\n\n\n\n<p>Segundo a federa\u00e7\u00e3o, o&nbsp;volume de vendas n\u00e3o deve aumentar mais, especialmente para caminh\u00f5es, por conta da manuten\u00e7\u00e3o dos n\u00edveis altos de juros para o cr\u00e9dito, o que tamb\u00e9m tem impacto na renova\u00e7\u00e3o da frota de carros.<\/p>\n\n\n\n<p>A exce\u00e7\u00e3o \u00e9 o bom momento dos ve\u00edculos el\u00e9tricos h\u00edbridos, com vendas na casa das 120 mil unidades por ano. Para esses ve\u00edculos,&nbsp;houve aumento de 85% das vendas em rela\u00e7\u00e3o a agosto de 2024. No acumulado do ano, foram vendidas 74,97% mais unidades nesta categoria. <strong>Os el\u00e9tricos tamb\u00e9m t\u00eam crescido, com expectativa de chegar a 45 mil unidades por ano em 2025, 10,11% a mais do que no ano de 2024.<\/strong><\/p>\n\n\n\n<p>A queda para os caminh\u00f5es reflete, para a entidade, a desacelera\u00e7\u00e3o do agroneg\u00f3cio. Apesar disso, houve aumento consider\u00e1vel de vendas de tratores e colheitadeiras, principalmente para a regi\u00e3o Centro Oeste. Foram vendidos 19,2% a mais de colheitadeiras e 14,7% a mais de tratores, quando comparados os anos de 2025 e 2024, at\u00e9 o m\u00eas de agosto. As compras est\u00e3o relacionadas tamb\u00e9m aos recursos do Programa Nacional de Fortalecimento da Agricultura Familiar (Pronaf).<\/p>\n\n\n\n<p>\u201cImportante observar que o crescimento do mercado est\u00e1 concentrado na regi\u00e3o Centro-Oeste, mais impactada [pela seca] em 2024, mas que, neste ano, acumula crescimento de 71,4%, enquanto a regi\u00e3o Sul cresce apenas 5%, e as demais regi\u00f5es est\u00e3o em retra\u00e7\u00e3o\u201d, comentou em entrevista coletiva \u00e0 imprensa o presidente da Fenabrave, Arcelio Junior.<\/p>\n\n\n\n<p>Foto;  Marcelo Camargo\/ Fonte : Ag\u00eancia Brasil<\/p>\n","protected":false},"excerpt":{"rendered":"<p>As vendas de ve\u00edculos automotores mantiveram em agosto o ritmo de alta e acumulam em 2025 o melhor resultado desde 2014. Os dados foram divulgados nesta quarta-feira (3) pela&nbsp;Federa\u00e7\u00e3o Nacional da Distribui\u00e7\u00e3o de Ve\u00edculos Automotores (Fenabrave). No m\u00eas passado, foram emplacados 431.079 ve\u00edculos,&nbsp;sendo a&nbsp;maioria de motos (185.454) e carros leves (172.280). Nos primeiros oito meses<\/p>\n","protected":false},"author":5,"featured_media":67070,"comment_status":"open","ping_status":"open","sticky":false,"template":"","format":"standard","meta":{"om_disable_all_campaigns":false,"_monsterinsights_skip_tracking":false,"_monsterinsights_sitenote_active":false,"_monsterinsights_sitenote_note":"","_monsterinsights_sitenote_category":0,"footnotes":""},"categories":[43],"tags":[],"class_list":{"0":"post-67069","1":"post","2":"type-post","3":"status-publish","4":"format-standard","5":"has-post-thumbnail","7":"category-economia"},"_links":{"self":[{"href":"https:\/\/comandogeraldanoticia.com.br\/index.php\/wp-json\/wp\/v2\/posts\/67069","targetHints":{"allow":["GET"]}}],"collection":[{"href":"https:\/\/comandogeraldanoticia.com.br\/index.php\/wp-json\/wp\/v2\/posts"}],"about":[{"href":"https:\/\/comandogeraldanoticia.com.br\/index.php\/wp-json\/wp\/v2\/types\/post"}],"author":[{"embeddable":true,"href":"https:\/\/comandogeraldanoticia.com.br\/index.php\/wp-json\/wp\/v2\/users\/5"}],"replies":[{"embeddable":true,"href":"https:\/\/comandogeraldanoticia.com.br\/index.php\/wp-json\/wp\/v2\/comments?post=67069"}],"version-history":[{"count":1,"href":"https:\/\/comandogeraldanoticia.com.br\/index.php\/wp-json\/wp\/v2\/posts\/67069\/revisions"}],"predecessor-version":[{"id":67071,"href":"https:\/\/comandogeraldanoticia.com.br\/index.php\/wp-json\/wp\/v2\/posts\/67069\/revisions\/67071"}],"wp:featuredmedia":[{"embeddable":true,"href":"https:\/\/comandogeraldanoticia.com.br\/index.php\/wp-json\/wp\/v2\/media\/67070"}],"wp:attachment":[{"href":"https:\/\/comandogeraldanoticia.com.br\/index.php\/wp-json\/wp\/v2\/media?parent=67069"}],"wp:term":[{"taxonomy":"category","embeddable":true,"href":"https:\/\/comandogeraldanoticia.com.br\/index.php\/wp-json\/wp\/v2\/categories?post=67069"},{"taxonomy":"post_tag","embeddable":true,"href":"https:\/\/comandogeraldanoticia.com.br\/index.php\/wp-json\/wp\/v2\/tags?post=67069"}],"curies":[{"name":"wp","href":"https:\/\/api.w.org\/{rel}","templated":true}]}}