{"id":67066,"date":"2025-09-04T14:47:06","date_gmt":"2025-09-04T14:47:06","guid":{"rendered":"https:\/\/comandogeraldanoticia.com.br\/?p=67066"},"modified":"2025-09-04T14:47:07","modified_gmt":"2025-09-04T14:47:07","slug":"producao-industrial-recua-02-em-julho-e-acumula-efeitos-do-juro-alto","status":"publish","type":"post","link":"https:\/\/comandogeraldanoticia.com.br\/index.php\/2025\/09\/04\/producao-industrial-recua-02-em-julho-e-acumula-efeitos-do-juro-alto\/","title":{"rendered":"Produ\u00e7\u00e3o industrial recua 0,2% em julho e acumula efeitos do juro alto"},"content":{"rendered":"\n<p>A produ\u00e7\u00e3o da ind\u00fastria no pa\u00eds recuou 0,2% na passagem de junho para julho. <strong>Com esse resultado, o setor chega a quatro meses seguidos sem crescimento, o que \u00e9 explicado pelo ambiente de juro alto.<\/strong><img decoding=\"async\" src=\"https:\/\/agenciabrasil.ebc.com.br\/ebc.png?id=1656899&amp;o=node\"><img decoding=\"async\" src=\"https:\/\/agenciabrasil.ebc.com.br\/ebc.gif?id=1656899&amp;o=node\"><\/p>\n\n\n\n<p>O resultado foi divulgado nesta quarta-feira (3) pela <a href=\"https:\/\/agenciabrasil.ebc.com.br\/tags\/ibge\" target=\"_blank\" rel=\"noreferrer noopener\">Pesquisa Industrial Mensal<\/a>, do Instituto Brasileiro de Geografia e Estat\u00edstica (IBGE).<\/p>\n\n\n\n<p><strong>De abril a julho, a ind\u00fastria acumula perda de 1,5%, sendo quedas em abril (-0,7%) e maio (-0,6%) e estabilidade em junho (0%).<\/strong> A \u00faltima vez que o parque industrial brasileiro somou quatro meses sem expans\u00e3o foi entre novembro de 2022 e fevereiro de 2023.<\/p>\n\n\n\n<p>Em rela\u00e7\u00e3o a julho de 2024, a produ\u00e7\u00e3o da ind\u00fastria nacional mostra avan\u00e7o de 0,2%. Nos \u00faltimos 12 meses, o setor apresenta expans\u00e3o de 1,9%.<\/p>\n\n\n\n<p>O resultado de julho deixa o setor 1,7% acima do patamar pr\u00e9-pandemia de covid-19 (fevereiro de 2020) e 15,3% abaixo do n\u00edvel recorde j\u00e1 alcan\u00e7ado, de maio de 2011.<\/p>\n\n\n\n<p>Em rela\u00e7\u00e3o ao patamar final de 2024, o setor teve expans\u00e3o\u00a0de 0,3%.<br><\/p>\n\n\n\n<h2 class=\"wp-block-heading\">Efeito do juro alto<\/h2>\n\n\n\n<p><strong>De acordo com o gerente da pesquisa, Andr\u00e9 Macedo, o cen\u00e1rio predominante negativo desde abril \u00e9 explicado pela pol\u00edtica monet\u00e1ria restritiva, ou seja, os juros altos, ferramenta do Banco Central (BC) para tentar conter a infla\u00e7\u00e3o.<\/strong><\/p>\n\n\n\n<blockquote class=\"wp-block-quote is-layout-flow wp-block-quote-is-layout-flow\">\n<p>\u201cEm termos conjunturais, destacam-se os efeitos de uma pol\u00edtica monet\u00e1ria mais restritiva \u2013 que encarece o cr\u00e9dito, eleva a inadimpl\u00eancia e afeta negativamente as decis\u00f5es de consumo e investimentos. Esses fatores contribu\u00edram para limitar o ritmo de crescimento da produ\u00e7\u00e3o industrial no per\u00edodo, refletindo-se em resultados mais moderados frente aos meses anteriores\u201d, analisa Macedo.<\/p>\n<\/blockquote>\n\n\n\n<p><strong>Atualmente, a taxa b\u00e1sica de juros, a Selic, est\u00e1 em 15% ao ano, o patamar mais alto desde julho de 2006.<\/strong> Os juros altos t\u00eam o efeito de desestimular o consumo e o investimento para esfriar a economia e diminuir a procura por bens e servi\u00e7os, consequentemente, tirando for\u00e7a da infla\u00e7\u00e3o.<\/p>\n\n\n\n<p>Em julho, a <a href=\"https:\/\/agenciabrasil.ebc.com.br\/economia\/noticia\/2025-08\/inflacao-fecha-julho-em-026-alimentos-caem-pelo-segundo-mes-seguido#\" target=\"_blank\" rel=\"noreferrer noopener\">infla\u00e7\u00e3o oficial<\/a>, medida pelo \u00cdndice Nacional de Pre\u00e7os ao Consumidor Amplo (IPCA), mostrou ac\u00famulo de 5,23% em 12 meses, fora da meta do governo \u2500 3%, com toler\u00e2ncia de 1,5 ponto percentual&nbsp;para mais ou para menos, ou seja, indo at\u00e9 4,5%.<\/p>\n\n\n\n<p><strong>A taxa est\u00e1 acima do teto desde setembro de 2024 (4,42%). Em abril, chegou a 5,53%, o ponto mais alto desde ent\u00e3o.&nbsp;<\/strong><\/p>\n\n\n\n<p><strong>Setores<\/strong><\/p>\n\n\n\n<p>Na passagem de junho para julho, o IBGE identificou queda em 13 das 25 atividades industriais. Os destaques negativos foram:<\/p>\n\n\n\n<p>&#8211; metalurgia (- 2,3%)<\/p>\n\n\n\n<p>&#8211; outros equipamentos de transporte (-5,3%)<\/p>\n\n\n\n<p>&#8211; impress\u00e3o e reprodu\u00e7\u00e3o de grava\u00e7\u00f5es (-11,3%)<\/p>\n\n\n\n<p>&#8211; bebidas (-2,2%)<\/p>\n\n\n\n<p>&#8211; manuten\u00e7\u00e3o, repara\u00e7\u00e3o e instala\u00e7\u00e3o de m\u00e1quinas e equipamentos (-3,7%)<\/p>\n\n\n\n<p>&#8211; equipamentos de inform\u00e1tica, produtos eletr\u00f4nicos e \u00f3pticos (-2%)<\/p>\n\n\n\n<p>&#8211; produtos diversos (-3,5%)<\/p>\n\n\n\n<p>&#8211; produtos de borracha e de material pl\u00e1stico (-1%)<\/p>\n\n\n\n<p><strong>Entre as atividades com alta na produ\u00e7\u00e3o, os principais impactos positivos vieram de produtos farmoqu\u00edmicos e farmac\u00eauticos (7,9%), aliment\u00edcios (1,1%), ind\u00fastrias extrativas (0,8%) e produtos qu\u00edmicos (1,8%).<\/strong><\/p>\n\n\n\n<p>Em rela\u00e7\u00e3o \u00e0s grandes categorias, bens de consumo dur\u00e1veis (-0,5%) e bens de capital (-0,2%) registraram altas na passagem de junho para julho. Bens de capital s\u00e3o m\u00e1quinas e equipamentos.<\/p>\n\n\n\n<p>Por outro lado, bens intermedi\u00e1rios, ou seja, que ser\u00e3o transformados em outros produtos, cresceram&nbsp;0,5% e bens de consumo semi e n\u00e3o dur\u00e1veis aumentaram&nbsp;0,1%.<\/p>\n\n\n\n<h2 class=\"wp-block-heading\">Tarifa\u00e7o<\/h2>\n\n\n\n<p><strong>De acordo com Andr\u00e9 Macedo, o resultado de julho teve reflexos tamb\u00e9m do <a href=\"https:\/\/agenciabrasil.ebc.com.br\/tags\/tarifaco\" target=\"_blank\" rel=\"noreferrer noopener\">tarifa\u00e7o americano<\/a>, que s\u00f3 come\u00e7ou na primeira semana de agosto<\/strong>.&nbsp;Isso se explica pelo fato de que a amea\u00e7a de taxa\u00e7\u00e3o das exporta\u00e7\u00f5es brasileiras para os Estados Unidos mexeu com expectativas e decis\u00f5es futuras de empres\u00e1rios, principalmente os que t\u00eam atividades voltadas para o mercado externo.<\/p>\n\n\n\n<p><strong>Macedo ressalta que a predomin\u00e2ncia negativa desde abril \u00e9 fundamentada pela pol\u00edtica de juros<\/strong>.<\/p>\n\n\n\n<blockquote class=\"wp-block-quote is-layout-flow wp-block-quote-is-layout-flow\">\n<p>\u201cDentro do resultado geral, [o tarifa\u00e7o] n\u00e3o tem muita import\u00e2ncia no momento\u201d, disse.<\/p>\n<\/blockquote>\n\n\n\n<p>Foto:  REUTERS\/Washington Alves\/Proibida reprodu\u00e7\u00e3o<\/p>\n\n\n\n<p>Fonte: Ag\u00eancia Brasil<\/p>\n","protected":false},"excerpt":{"rendered":"<p>A produ\u00e7\u00e3o da ind\u00fastria no pa\u00eds recuou 0,2% na passagem de junho para julho. Com esse resultado, o setor chega a quatro meses seguidos sem crescimento, o que \u00e9 explicado pelo ambiente de juro alto. O resultado foi divulgado nesta quarta-feira (3) pela Pesquisa Industrial Mensal, do Instituto Brasileiro de Geografia e Estat\u00edstica (IBGE). De<\/p>\n","protected":false},"author":5,"featured_media":67067,"comment_status":"open","ping_status":"open","sticky":false,"template":"","format":"standard","meta":{"om_disable_all_campaigns":false,"_monsterinsights_skip_tracking":false,"_monsterinsights_sitenote_active":false,"_monsterinsights_sitenote_note":"","_monsterinsights_sitenote_category":0,"footnotes":""},"categories":[43],"tags":[],"class_list":{"0":"post-67066","1":"post","2":"type-post","3":"status-publish","4":"format-standard","5":"has-post-thumbnail","7":"category-economia"},"_links":{"self":[{"href":"https:\/\/comandogeraldanoticia.com.br\/index.php\/wp-json\/wp\/v2\/posts\/67066","targetHints":{"allow":["GET"]}}],"collection":[{"href":"https:\/\/comandogeraldanoticia.com.br\/index.php\/wp-json\/wp\/v2\/posts"}],"about":[{"href":"https:\/\/comandogeraldanoticia.com.br\/index.php\/wp-json\/wp\/v2\/types\/post"}],"author":[{"embeddable":true,"href":"https:\/\/comandogeraldanoticia.com.br\/index.php\/wp-json\/wp\/v2\/users\/5"}],"replies":[{"embeddable":true,"href":"https:\/\/comandogeraldanoticia.com.br\/index.php\/wp-json\/wp\/v2\/comments?post=67066"}],"version-history":[{"count":1,"href":"https:\/\/comandogeraldanoticia.com.br\/index.php\/wp-json\/wp\/v2\/posts\/67066\/revisions"}],"predecessor-version":[{"id":67068,"href":"https:\/\/comandogeraldanoticia.com.br\/index.php\/wp-json\/wp\/v2\/posts\/67066\/revisions\/67068"}],"wp:featuredmedia":[{"embeddable":true,"href":"https:\/\/comandogeraldanoticia.com.br\/index.php\/wp-json\/wp\/v2\/media\/67067"}],"wp:attachment":[{"href":"https:\/\/comandogeraldanoticia.com.br\/index.php\/wp-json\/wp\/v2\/media?parent=67066"}],"wp:term":[{"taxonomy":"category","embeddable":true,"href":"https:\/\/comandogeraldanoticia.com.br\/index.php\/wp-json\/wp\/v2\/categories?post=67066"},{"taxonomy":"post_tag","embeddable":true,"href":"https:\/\/comandogeraldanoticia.com.br\/index.php\/wp-json\/wp\/v2\/tags?post=67066"}],"curies":[{"name":"wp","href":"https:\/\/api.w.org\/{rel}","templated":true}]}}