{"id":67062,"date":"2025-09-04T14:34:20","date_gmt":"2025-09-04T14:34:20","guid":{"rendered":"https:\/\/comandogeraldanoticia.com.br\/?p=67062"},"modified":"2025-09-04T14:34:21","modified_gmt":"2025-09-04T14:34:21","slug":"grupo-tortura-nunca-mais-teme-perda-de-imovel-para-alienacao-do-estado","status":"publish","type":"post","link":"https:\/\/comandogeraldanoticia.com.br\/index.php\/2025\/09\/04\/grupo-tortura-nunca-mais-teme-perda-de-imovel-para-alienacao-do-estado\/","title":{"rendered":"Grupo Tortura Nunca Mais teme perda de im\u00f3vel para aliena\u00e7\u00e3o do Estado"},"content":{"rendered":"\n<p>O Grupo Tortura Nunca Mais (GTNM-RJ) e outros movimentos sociais foram surpreendidos com a inclus\u00e3o dos im\u00f3veis onde funcionam em uma lista para aliena\u00e7\u00e3o do Estado. Movimentos que desenvolvem atividades de reconhecida import\u00e2ncia social ocupam&nbsp;im\u00f3veis que est\u00e3o sem&nbsp;uso&nbsp;h\u00e1 anos.<img decoding=\"async\" src=\"https:\/\/agenciabrasil.ebc.com.br\/ebc.png?id=1657033&amp;o=node\"><img decoding=\"async\" src=\"https:\/\/agenciabrasil.ebc.com.br\/ebc.gif?id=1657033&amp;o=node\"><\/p>\n\n\n\n<p>No caso do Grupo Tortura Nunca Mais, em outubro de 1994&nbsp;o governo do estado do Rio cedeu o espa\u00e7o onde funciona sua sede, como um reconhecimento da atividade de interesse social iniciada em 1985. Durante esses 31 anos, o&nbsp;espa\u00e7o abrigou o GTNM-RJ, permitindo o desenvolvimento de atividades de acolhimento \u00e0s v\u00edtimas de viol\u00eancia, a preserva\u00e7\u00e3o da mem\u00f3ria e a defesa dos direitos humanos.<\/p>\n\n\n\n<p><strong>Em nota, o GTNM-RJ, preocupado com o perigo da perda da sede, na Rua General Polidoro, 238, em Botafogo, zona sul do Rio, diz que a inclus\u00e3o do im\u00f3vel na lista de bens para aliena\u00e7\u00e3o&nbsp;p\u00f5e em risco a manuten\u00e7\u00e3o das atividades de uma organiza\u00e7\u00e3o que n\u00e3o tem fins lucrativos e n\u00e3o recebe&nbsp;qualquer financiamento do estado, vivendo exclusivamente de doa\u00e7\u00f5es de pessoas que se solidarizam com a luta hist\u00f3rica.<\/strong><\/p>\n\n\n\n<p>A import\u00e2ncia do GTNM-RJ para a democracia brasileira e o fortalecimento da cidadania \u00e9 reconhecida nacional e internacionalmente.<\/p>\n\n\n\n<blockquote class=\"wp-block-quote is-layout-flow wp-block-quote-is-layout-flow\">\n<p>\u201cReivindicamos que os im\u00f3veis onde funciona o Grupo Tortura Nunca Mais, do Rio de Janeiro, e os demais movimentos sociais atingidos sejam retirados da lista e que cada caso seja estudado, a fim de garantir o funcionamento e as fun\u00e7\u00f5es sociais que exercem\u201d.<\/p>\n<\/blockquote>\n\n\n\n<p><strong>Mais de 800 pessoas da sociedade civil j\u00e1 assinaram um abaixo-assinado para a manuten\u00e7\u00e3o da sede do Tortura Nunca Mais&nbsp;em Botafogo,&nbsp;lugar que ocupa h\u00e1 mais de tr\u00eas d\u00e9cadas.<\/strong><\/p>\n\n\n\n<h2 class=\"wp-block-heading\">Vistoria<\/h2>\n\n\n\n<p>Em reuni\u00e3o realizada nessa quarta-feira (3), o presidente da Comiss\u00e3o de Constitui\u00e7\u00e3o e Justi\u00e7a (CCJ) da Assembleia Legislativa do Rio (Alerj), deputado Rodrigo Amorim (Uni\u00e3o), designou o deputado Alexandre Knoploch (PL) como presidente do grupo de trabalho que tratar\u00e1 do assunto. Afirmou que, nos pr\u00f3ximos dias, ser\u00e3o realizadas vistorias nos locais dos im\u00f3veis listados para aliena\u00e7\u00e3o.&nbsp;<\/p>\n\n\n\n<p>Amorim antecipou que a expectativa \u00e9 de que j\u00e1 na pr\u00f3xima semana seja apresentado um relat\u00f3rio inicial sobre essa vistoria.<\/p>\n\n\n\n<blockquote class=\"wp-block-quote is-layout-flow wp-block-quote-is-layout-flow\">\n<p>\u201cOs trabalhos j\u00e1 come\u00e7aram e estamos recebendo na comiss\u00e3o of\u00edcios das bancadas, estabelecendo quais im\u00f3veis eles querem excluir ou incluir no texto final dessa aliena\u00e7\u00e3o. Todos esses pedidos ser\u00e3o analisados, enquanto o projeto tramita em primeira discuss\u00e3o\u201d, afirmou o presidente da CCJ.<\/p>\n<\/blockquote>\n\n\n\n<p><strong>Entre os im\u00f3veis listados para aliena\u00e7\u00e3o est\u00e3o o Est\u00e1dio Caio Martins, em Niter\u00f3i; o Batalh\u00e3o de Pol\u00edcia Militar do Leblon; al\u00e9m das sedes do Grupo Arco-\u00cdris, do Tortura Nunca Mais e da Escola Villa-Lobos.<\/strong><\/p>\n\n\n\n<p>Em nota, a Casa Civil do governo do estado informou que \u201co projeto de lei enviado \u00e0 Alerj, que relaciona im\u00f3veis do Estado, tem car\u00e1ter autorizativo. Caso aprovado, caber\u00e1 ao governo avaliar a necessidade e o prazo para eventual aliena\u00e7\u00e3o, mas sempre com aten\u00e7\u00e3o especial a institui\u00e7\u00f5es que prestam servi\u00e7os de relevante interesse social, garantindo a continuidade de suas atividades\u201d.<\/p>\n\n\n\n<p>Foto:  Grupo Tortura Nunca Mais\/Divulga\u00e7\u00e3o \/ <\/p>\n\n\n\n<p>Fonte:  Ag\u00eancia Brasil<\/p>\n","protected":false},"excerpt":{"rendered":"<p>O Grupo Tortura Nunca Mais (GTNM-RJ) e outros movimentos sociais foram surpreendidos com a inclus\u00e3o dos im\u00f3veis onde funcionam em uma lista para aliena\u00e7\u00e3o do Estado. Movimentos que desenvolvem atividades de reconhecida import\u00e2ncia social ocupam&nbsp;im\u00f3veis que est\u00e3o sem&nbsp;uso&nbsp;h\u00e1 anos. No caso do Grupo Tortura Nunca Mais, em outubro de 1994&nbsp;o governo do estado do Rio<\/p>\n","protected":false},"author":5,"featured_media":67063,"comment_status":"open","ping_status":"open","sticky":false,"template":"","format":"standard","meta":{"om_disable_all_campaigns":false,"_monsterinsights_skip_tracking":false,"_monsterinsights_sitenote_active":false,"_monsterinsights_sitenote_note":"","_monsterinsights_sitenote_category":0,"footnotes":""},"categories":[1083],"tags":[],"class_list":{"0":"post-67062","1":"post","2":"type-post","3":"status-publish","4":"format-standard","5":"has-post-thumbnail","7":"category-variedades"},"_links":{"self":[{"href":"https:\/\/comandogeraldanoticia.com.br\/index.php\/wp-json\/wp\/v2\/posts\/67062","targetHints":{"allow":["GET"]}}],"collection":[{"href":"https:\/\/comandogeraldanoticia.com.br\/index.php\/wp-json\/wp\/v2\/posts"}],"about":[{"href":"https:\/\/comandogeraldanoticia.com.br\/index.php\/wp-json\/wp\/v2\/types\/post"}],"author":[{"embeddable":true,"href":"https:\/\/comandogeraldanoticia.com.br\/index.php\/wp-json\/wp\/v2\/users\/5"}],"replies":[{"embeddable":true,"href":"https:\/\/comandogeraldanoticia.com.br\/index.php\/wp-json\/wp\/v2\/comments?post=67062"}],"version-history":[{"count":1,"href":"https:\/\/comandogeraldanoticia.com.br\/index.php\/wp-json\/wp\/v2\/posts\/67062\/revisions"}],"predecessor-version":[{"id":67064,"href":"https:\/\/comandogeraldanoticia.com.br\/index.php\/wp-json\/wp\/v2\/posts\/67062\/revisions\/67064"}],"wp:featuredmedia":[{"embeddable":true,"href":"https:\/\/comandogeraldanoticia.com.br\/index.php\/wp-json\/wp\/v2\/media\/67063"}],"wp:attachment":[{"href":"https:\/\/comandogeraldanoticia.com.br\/index.php\/wp-json\/wp\/v2\/media?parent=67062"}],"wp:term":[{"taxonomy":"category","embeddable":true,"href":"https:\/\/comandogeraldanoticia.com.br\/index.php\/wp-json\/wp\/v2\/categories?post=67062"},{"taxonomy":"post_tag","embeddable":true,"href":"https:\/\/comandogeraldanoticia.com.br\/index.php\/wp-json\/wp\/v2\/tags?post=67062"}],"curies":[{"name":"wp","href":"https:\/\/api.w.org\/{rel}","templated":true}]}}