{"id":6694,"date":"2022-10-03T17:11:24","date_gmt":"2022-10-03T17:11:24","guid":{"rendered":"https:\/\/comandogeraldanoticia.com.br\/index.php\/2022\/10\/03\/usf-jardim-limoeiro-ii-recebe-o-projeto-mulheres-especiais\/"},"modified":"2022-10-03T17:11:24","modified_gmt":"2022-10-03T17:11:24","slug":"usf-jardim-limoeiro-ii-recebe-o-projeto-mulheres-especiais","status":"publish","type":"post","link":"https:\/\/comandogeraldanoticia.com.br\/index.php\/2022\/10\/03\/usf-jardim-limoeiro-ii-recebe-o-projeto-mulheres-especiais\/","title":{"rendered":"USF Jardim Limoeiro II recebe o projeto Mulheres Especiais"},"content":{"rendered":"<p>A Secretaria da Mulher (Semu) promove nesta quarta-feira (5\/10), a 6\u00aa edi\u00e7\u00e3o do projeto Mulheres Especiais. A atividade, que consiste na realiza\u00e7\u00e3o de uma roda de conversa e uma explana\u00e7\u00e3o feita por uma psic\u00f3loga convidada, come\u00e7a a partir das 9h, na Unidade de Sa\u00fade da Fam\u00edlia (USF) do Jardim Limoeiro II. O encontro \u00e9 direcionado \u00e0s mulheres e m\u00e3es de filhos com defici\u00eancia, mas est\u00e1 aberto a todo p\u00fablico feminino.<\/p>\n<p>Dessa vez, al\u00e9m do tema principal, \u201cRecebi o diagn\u00f3stico do meu filho, e agora o que fazer?\u201d, tamb\u00e9m ser\u00e1 debatida a tem\u00e1tica da campanha do Outubro Rosa. As orienta\u00e7\u00f5es do Centro Especializado em Reabilita\u00e7\u00e3o F\u00edsica e Intelectual (CER II) continuam fazendo parte da programa\u00e7\u00e3o.<\/p>\n<p>De acordo com a secret\u00e1ria da pasta, Faf\u00e1 de Senhorinho, o projeto, voltado para escuta e acolhimento de mulheres que tenham filhos portadores de defici\u00eancia ou disfun\u00e7\u00e3o, diagnosticados ou n\u00e3o, tem sido bem-abra\u00e7ado pelas comunidades por onde passa, e o n\u00famero de participantes tem crescido cada vez mais.<\/p>\n<p>\u201cEstamos felizes com o resultado, esse \u00e9 um m\u00eas especial para todas as mulheres, a sa\u00fade tem que ser trabalhada, e a campanha de preven\u00e7\u00e3o e diagn\u00f3stico precoce do c\u00e2ncer precisa ser abordada. Queremos que todas tenham informa\u00e7\u00e3o e acesso \u00e0 sa\u00fade digna e de qualidade\u201d, declarou a titular da Semu.<\/p>\n<figure class=\"wp-block-image size-large\"><img fetchpriority=\"high\" decoding=\"async\" width=\"1024\" height=\"1024\" src=\"https:\/\/www.camacari.ba.gov.br\/wp-content\/uploads\/2022\/10\/semu-card-6a-edicao-mulheres-especiais-usf-jardim-limoeiro-ii-1024x1024.jpeg\" alt=\"\" class=\"wp-image-182488\" srcset=\"https:\/\/www.camacari.ba.gov.br\/wp-content\/uploads\/2022\/10\/semu-card-6a-edicao-mulheres-especiais-usf-jardim-limoeiro-ii-1024x1024.jpeg 1024w, https:\/\/www.camacari.ba.gov.br\/wp-content\/uploads\/2022\/10\/semu-card-6a-edicao-mulheres-especiais-usf-jardim-limoeiro-ii-300x300.jpeg 300w, https:\/\/www.camacari.ba.gov.br\/wp-content\/uploads\/2022\/10\/semu-card-6a-edicao-mulheres-especiais-usf-jardim-limoeiro-ii-150x150.jpeg 150w, https:\/\/www.camacari.ba.gov.br\/wp-content\/uploads\/2022\/10\/semu-card-6a-edicao-mulheres-especiais-usf-jardim-limoeiro-ii-768x768.jpeg 768w, https:\/\/www.camacari.ba.gov.br\/wp-content\/uploads\/2022\/10\/semu-card-6a-edicao-mulheres-especiais-usf-jardim-limoeiro-ii.jpeg 1080w\" sizes=\"(max-width: 1024px) 100vw, 1024px\"><\/figure>\n","protected":false},"excerpt":{"rendered":"<p>A Secretaria da Mulher (Semu) promove nesta quarta-feira (5\/10), a 6\u00aa edi\u00e7\u00e3o do projeto Mulheres Especiais. A atividade, que consiste na realiza\u00e7\u00e3o de uma roda de conversa e uma explana\u00e7\u00e3o feita por uma psic\u00f3loga convidada, come\u00e7a a partir das 9h, na Unidade de Sa\u00fade da Fam\u00edlia (USF) do Jardim Limoeiro II. O encontro \u00e9 direcionado<\/p>\n","protected":false},"author":1,"featured_media":6695,"comment_status":"open","ping_status":"open","sticky":false,"template":"","format":"standard","meta":{"om_disable_all_campaigns":false,"_monsterinsights_skip_tracking":false,"_monsterinsights_sitenote_active":false,"_monsterinsights_sitenote_note":"","_monsterinsights_sitenote_category":0,"footnotes":""},"categories":[40],"tags":[],"class_list":{"0":"post-6694","1":"post","2":"type-post","3":"status-publish","4":"format-standard","5":"has-post-thumbnail","7":"category-camacari"},"_links":{"self":[{"href":"https:\/\/comandogeraldanoticia.com.br\/index.php\/wp-json\/wp\/v2\/posts\/6694","targetHints":{"allow":["GET"]}}],"collection":[{"href":"https:\/\/comandogeraldanoticia.com.br\/index.php\/wp-json\/wp\/v2\/posts"}],"about":[{"href":"https:\/\/comandogeraldanoticia.com.br\/index.php\/wp-json\/wp\/v2\/types\/post"}],"author":[{"embeddable":true,"href":"https:\/\/comandogeraldanoticia.com.br\/index.php\/wp-json\/wp\/v2\/users\/1"}],"replies":[{"embeddable":true,"href":"https:\/\/comandogeraldanoticia.com.br\/index.php\/wp-json\/wp\/v2\/comments?post=6694"}],"version-history":[{"count":0,"href":"https:\/\/comandogeraldanoticia.com.br\/index.php\/wp-json\/wp\/v2\/posts\/6694\/revisions"}],"wp:featuredmedia":[{"embeddable":true,"href":"https:\/\/comandogeraldanoticia.com.br\/index.php\/wp-json\/wp\/v2\/media\/6695"}],"wp:attachment":[{"href":"https:\/\/comandogeraldanoticia.com.br\/index.php\/wp-json\/wp\/v2\/media?parent=6694"}],"wp:term":[{"taxonomy":"category","embeddable":true,"href":"https:\/\/comandogeraldanoticia.com.br\/index.php\/wp-json\/wp\/v2\/categories?post=6694"},{"taxonomy":"post_tag","embeddable":true,"href":"https:\/\/comandogeraldanoticia.com.br\/index.php\/wp-json\/wp\/v2\/tags?post=6694"}],"curies":[{"name":"wp","href":"https:\/\/api.w.org\/{rel}","templated":true}]}}