{"id":6682,"date":"2022-10-03T15:12:45","date_gmt":"2022-10-03T15:12:45","guid":{"rendered":"https:\/\/comandogeraldanoticia.com.br\/index.php\/2022\/10\/03\/ibge-adia-fim-de-coleta-do-censo-por-falta-de-recenseadores\/"},"modified":"2022-10-03T15:12:45","modified_gmt":"2022-10-03T15:12:45","slug":"ibge-adia-fim-de-coleta-do-censo-por-falta-de-recenseadores","status":"publish","type":"post","link":"https:\/\/comandogeraldanoticia.com.br\/index.php\/2022\/10\/03\/ibge-adia-fim-de-coleta-do-censo-por-falta-de-recenseadores\/","title":{"rendered":"IBGE adia fim de coleta do Censo por falta de recenseadores"},"content":{"rendered":"<p><img decoding=\"async\" src=\"https:\/\/s2.glbimg.com\/v1EqIs0YNLAaff9o1RI2MGnxHc0=\/i.s3.glbimg.com\/v1\/AUTH_59edd422c0c84a879bd37670ae4f538a\/internal_photos\/bs\/2022\/x\/q\/umPhFKQV2wxygSBN46mA\/ibge.png\"><br \/>   N\u00famero de recenseadores atualmente est\u00e1 em 95.448, o que corresponde a apenas 52,2% do total de vagas dispon\u00edveis e previstas para a opera\u00e7\u00e3o. Censo do IBGE: Lideran\u00e7as ind\u00edgenas respondem sobre infraestrutura, sa\u00fade, educa\u00e7\u00e3o e h\u00e1bitos e pr\u00e1ticas<br \/>\nMarcelo Lima\/IBGE<br \/>\nO diretor de pesquisas do Instituto Brasileiro de Geografia e Estat\u00edsticas (IBGE), Cimar Azeredo, acaba de comunicar o adiamento do fim da coleta de dados do Censo Demogr\u00e1fico de 2022 por causa da falta de recenseadores.<br \/>\nO n\u00famero de recenseadores atualmente est\u00e1 em 95.448, o que corresponde a apenas 52,2% do total de vagas dispon\u00edveis e previstas para a opera\u00e7\u00e3o.<br \/>\nAt\u00e9 esta segunda-feira, j\u00e1 foram contados 104,4 milh\u00f5es de habitantes, o que corresponde a 48% da popula\u00e7\u00e3o estimada (215 milh\u00f5es de pessoas). O ritmo \u00e9 bem mais lento que o do Censo 2010. Naquele ano, ap\u00f3s 57 dias de coleta de dados, tinham sido recenseadas 154 milh\u00f5es de brasileiros.<br \/>\n\u201cA opera\u00e7\u00e3o est\u00e1 atrasada. Diante do cen\u00e1rio de atraso e da dificuldade de contratar recenseador, a gente vai prorrogar a coleta de dados para o in\u00edcio de dezembro. Queremos entregar ainda este ano os primeiros dados para cumprir a exig\u00eancia do Tribunal de Contas do Munic\u00edpio, por causa do Fundo de Participa\u00e7\u00e3o dos Munic\u00edpios\u201d, afirmou ele.<br \/>\nAzeredo atribuiu ao mercado de trabalho aquecido a dificuldade de contratar recenseadores e minimizou a influ\u00eancia dos atrasos nos pagamentos dos trabalhadores tempor\u00e1rios que foram contratados. Ele argumentou que o atraso de pagamentos foi pontual e reflete um problema operacional e n\u00e3o falta de recursos.<br \/>\n\u201cN\u00e3o \u00e9 porque a gente n\u00e3o tenha recursos, temos todos os recursos centralizados no IBGE. Nossa diretoria operacional est\u00e1 trabalhando no sentido de reduzir esse atraso no pagamento de recenseadores, mesmo que seja pontual\u201d, disse.<br \/>\nO diretor de pesquisas do IBGE admitiu, no entanto, que \u201cprovavelmente\u201d ser\u00e3o necess\u00e1rios mais recursos para completar a opera\u00e7\u00e3o. O or\u00e7amento do Censo Demogr\u00e1fico \u00e9 de R$ 2,3 bilh\u00f5es, o mesmo valor nominal previsto desde 2019. Isso significa que n\u00e3o houve nenhuma atualiza\u00e7\u00e3o do valor para descontar a infla\u00e7\u00e3o registrada em mais de dois anos.<\/p>\n","protected":false},"excerpt":{"rendered":"<p>N\u00famero de recenseadores atualmente est\u00e1 em 95.448, o que corresponde a apenas 52,2% do total de vagas dispon\u00edveis e previstas para a opera\u00e7\u00e3o. Censo do IBGE: Lideran\u00e7as ind\u00edgenas respondem sobre infraestrutura, sa\u00fade, educa\u00e7\u00e3o e h\u00e1bitos e pr\u00e1ticas Marcelo Lima\/IBGE O diretor de pesquisas do Instituto Brasileiro de Geografia e Estat\u00edsticas (IBGE), Cimar Azeredo, acaba de<\/p>\n","protected":false},"author":1,"featured_media":6683,"comment_status":"open","ping_status":"open","sticky":false,"template":"","format":"standard","meta":{"om_disable_all_campaigns":false,"_monsterinsights_skip_tracking":false,"_monsterinsights_sitenote_active":false,"_monsterinsights_sitenote_note":"","_monsterinsights_sitenote_category":0,"footnotes":""},"categories":[43],"tags":[],"class_list":{"0":"post-6682","1":"post","2":"type-post","3":"status-publish","4":"format-standard","5":"has-post-thumbnail","7":"category-economia"},"_links":{"self":[{"href":"https:\/\/comandogeraldanoticia.com.br\/index.php\/wp-json\/wp\/v2\/posts\/6682","targetHints":{"allow":["GET"]}}],"collection":[{"href":"https:\/\/comandogeraldanoticia.com.br\/index.php\/wp-json\/wp\/v2\/posts"}],"about":[{"href":"https:\/\/comandogeraldanoticia.com.br\/index.php\/wp-json\/wp\/v2\/types\/post"}],"author":[{"embeddable":true,"href":"https:\/\/comandogeraldanoticia.com.br\/index.php\/wp-json\/wp\/v2\/users\/1"}],"replies":[{"embeddable":true,"href":"https:\/\/comandogeraldanoticia.com.br\/index.php\/wp-json\/wp\/v2\/comments?post=6682"}],"version-history":[{"count":0,"href":"https:\/\/comandogeraldanoticia.com.br\/index.php\/wp-json\/wp\/v2\/posts\/6682\/revisions"}],"wp:featuredmedia":[{"embeddable":true,"href":"https:\/\/comandogeraldanoticia.com.br\/index.php\/wp-json\/wp\/v2\/media\/6683"}],"wp:attachment":[{"href":"https:\/\/comandogeraldanoticia.com.br\/index.php\/wp-json\/wp\/v2\/media?parent=6682"}],"wp:term":[{"taxonomy":"category","embeddable":true,"href":"https:\/\/comandogeraldanoticia.com.br\/index.php\/wp-json\/wp\/v2\/categories?post=6682"},{"taxonomy":"post_tag","embeddable":true,"href":"https:\/\/comandogeraldanoticia.com.br\/index.php\/wp-json\/wp\/v2\/tags?post=6682"}],"curies":[{"name":"wp","href":"https:\/\/api.w.org\/{rel}","templated":true}]}}