{"id":6672,"date":"2022-10-03T15:12:30","date_gmt":"2022-10-03T15:12:30","guid":{"rendered":"https:\/\/comandogeraldanoticia.com.br\/index.php\/2022\/10\/03\/comedia-quem-e-voce-na-fila-do-pao-e-apresentada-no-teatro-cidade-do-saber\/"},"modified":"2022-10-03T15:12:30","modified_gmt":"2022-10-03T15:12:30","slug":"comedia-quem-e-voce-na-fila-do-pao-e-apresentada-no-teatro-cidade-do-saber","status":"publish","type":"post","link":"https:\/\/comandogeraldanoticia.com.br\/index.php\/2022\/10\/03\/comedia-quem-e-voce-na-fila-do-pao-e-apresentada-no-teatro-cidade-do-saber\/","title":{"rendered":"Com\u00e9dia \u201cQuem \u00c9 Voc\u00ea Na Fila do P\u00e3o?\u201d \u00e9 apresentada no Teatro Cidade do Saber"},"content":{"rendered":"<p>Sucesso de p\u00fablico em Salvador e Feira de Santana, o espet\u00e1culo de com\u00e9dia \u201cQuem \u00c9 Voc\u00ea Na Fila do P\u00e3o?\u201d \u00e9 apresentado no pr\u00f3ximo domingo (9\/10), \u00e0s 19h, no Teatro Cidade do Saber. O ator Adriano Lima, que tamb\u00e9m assina o texto e dire\u00e7\u00e3o, d\u00e1 vida \u00e0 personagem Maria do Perp\u00e9tuo Socorro, uma mulher irreverente e sem papas na l\u00edngua, que conta sobre diversas experi\u00eancias vividas, antes e durante o per\u00edodo de isolamento social, com ela confinada em seu apartamento, em estado de \u00eaxtase e desvairada.<\/p>\n<p>Os ingressos custam R$ 30 (inteira) e R$ 15 (meia) no primeiro lote, que encerra na quarta-feira (5\/10), e R$ 40 (inteira) e R$ 20 (meia) no segundo lote, liberado a partir da quinta-feira (6\/10). A aquisi\u00e7\u00e3o pode ser feita atrav\u00e9s do <a href=\"https:\/\/www.sympla.com.br\/evento\/espetaculo-de-comedia---quem-e-voce-na-fila-do-pao---apresentacao-unica\/1711024\">Sympla<\/a> ou na data da apresenta\u00e7\u00e3o, a partir das 16h, na bilheteria do Teatro Cidade do Saber.<\/p>\n<p>Produzida pela Capric\u00f3rnio Produ\u00e7\u00f5es, a pe\u00e7a comemora os 29 anos de carreira de Adriano Lima, al\u00e9m de celebrar a vida. Ap\u00f3s uma grave interna\u00e7\u00e3o por conta da Covid-19, o ator volta \u00e0 cena com um espet\u00e1culo divertido, sat\u00edrico e cheio de refer\u00eancias aos seus antigos personagens, como Minerva, de Graxeira, Gra\u00e7as a Deus, e a Wanda, de Hoje Eu N\u00e3o T\u00f4 Boa.<\/p>\n<p>Na montagem \u201cQuem \u00c9 Voc\u00ea Na Fila do P\u00e3o?\u201d, a personagem Socorro vai descobrindo quem \u00e9 quem, com questionamentos sugestivos e um quadro com um teste de \u201cqu\u00e3o baiano voc\u00ea \u00e9?\u201d que traz g\u00edrias regionais e cl\u00e1ssicos do ax\u00e9, que est\u00e3o conectados \u00e0 narrativa.<\/p>\n<p>Mais informa\u00e7\u00f5es podem ser adquiridas pelo n\u00famero (71) 99153-1160 ou pelo Instagram @espetaculoteatro. A classifica\u00e7\u00e3o indicativa \u00e9 de 14 anos.<\/p>\n<figure class=\"wp-block-image size-large\"><img loading=\"lazy\" decoding=\"async\" loading=\"lazy\" width=\"819\" height=\"1024\" src=\"https:\/\/www.camacari.ba.gov.br\/wp-content\/uploads\/2022\/10\/secult-card-espetaculo-quem-e-voce-na-fila-do-pao-819x1024.jpeg\" alt=\"\" class=\"wp-image-182478\" srcset=\"https:\/\/www.camacari.ba.gov.br\/wp-content\/uploads\/2022\/10\/secult-card-espetaculo-quem-e-voce-na-fila-do-pao-819x1024.jpeg 819w, https:\/\/www.camacari.ba.gov.br\/wp-content\/uploads\/2022\/10\/secult-card-espetaculo-quem-e-voce-na-fila-do-pao-240x300.jpeg 240w, https:\/\/www.camacari.ba.gov.br\/wp-content\/uploads\/2022\/10\/secult-card-espetaculo-quem-e-voce-na-fila-do-pao-768x960.jpeg 768w, https:\/\/www.camacari.ba.gov.br\/wp-content\/uploads\/2022\/10\/secult-card-espetaculo-quem-e-voce-na-fila-do-pao.jpeg 1024w\" sizes=\"auto, (max-width: 819px) 100vw, 819px\"><\/figure>\n","protected":false},"excerpt":{"rendered":"<p>Sucesso de p\u00fablico em Salvador e Feira de Santana, o espet\u00e1culo de com\u00e9dia \u201cQuem \u00c9 Voc\u00ea Na Fila do P\u00e3o?\u201d \u00e9 apresentado no pr\u00f3ximo domingo (9\/10), \u00e0s 19h, no Teatro Cidade do Saber. O ator Adriano Lima, que tamb\u00e9m assina o texto e dire\u00e7\u00e3o, d\u00e1 vida \u00e0 personagem Maria do Perp\u00e9tuo Socorro, uma mulher irreverente<\/p>\n","protected":false},"author":1,"featured_media":6673,"comment_status":"open","ping_status":"open","sticky":false,"template":"","format":"standard","meta":{"om_disable_all_campaigns":false,"_monsterinsights_skip_tracking":false,"_monsterinsights_sitenote_active":false,"_monsterinsights_sitenote_note":"","_monsterinsights_sitenote_category":0,"footnotes":""},"categories":[40],"tags":[],"class_list":{"0":"post-6672","1":"post","2":"type-post","3":"status-publish","4":"format-standard","5":"has-post-thumbnail","7":"category-camacari"},"_links":{"self":[{"href":"https:\/\/comandogeraldanoticia.com.br\/index.php\/wp-json\/wp\/v2\/posts\/6672","targetHints":{"allow":["GET"]}}],"collection":[{"href":"https:\/\/comandogeraldanoticia.com.br\/index.php\/wp-json\/wp\/v2\/posts"}],"about":[{"href":"https:\/\/comandogeraldanoticia.com.br\/index.php\/wp-json\/wp\/v2\/types\/post"}],"author":[{"embeddable":true,"href":"https:\/\/comandogeraldanoticia.com.br\/index.php\/wp-json\/wp\/v2\/users\/1"}],"replies":[{"embeddable":true,"href":"https:\/\/comandogeraldanoticia.com.br\/index.php\/wp-json\/wp\/v2\/comments?post=6672"}],"version-history":[{"count":0,"href":"https:\/\/comandogeraldanoticia.com.br\/index.php\/wp-json\/wp\/v2\/posts\/6672\/revisions"}],"wp:featuredmedia":[{"embeddable":true,"href":"https:\/\/comandogeraldanoticia.com.br\/index.php\/wp-json\/wp\/v2\/media\/6673"}],"wp:attachment":[{"href":"https:\/\/comandogeraldanoticia.com.br\/index.php\/wp-json\/wp\/v2\/media?parent=6672"}],"wp:term":[{"taxonomy":"category","embeddable":true,"href":"https:\/\/comandogeraldanoticia.com.br\/index.php\/wp-json\/wp\/v2\/categories?post=6672"},{"taxonomy":"post_tag","embeddable":true,"href":"https:\/\/comandogeraldanoticia.com.br\/index.php\/wp-json\/wp\/v2\/tags?post=6672"}],"curies":[{"name":"wp","href":"https:\/\/api.w.org\/{rel}","templated":true}]}}