{"id":6670,"date":"2022-10-03T15:12:31","date_gmt":"2022-10-03T15:12:31","guid":{"rendered":"https:\/\/comandogeraldanoticia.com.br\/index.php\/2022\/10\/03\/camacari-recebe-espetaculo-com-personagens-iconicas-de-a-bofetada\/"},"modified":"2022-10-03T15:12:31","modified_gmt":"2022-10-03T15:12:31","slug":"camacari-recebe-espetaculo-com-personagens-iconicas-de-a-bofetada","status":"publish","type":"post","link":"https:\/\/comandogeraldanoticia.com.br\/index.php\/2022\/10\/03\/camacari-recebe-espetaculo-com-personagens-iconicas-de-a-bofetada\/","title":{"rendered":"Cama\u00e7ari recebe espet\u00e1culo com personagens ic\u00f4nicas de A Bofetada"},"content":{"rendered":"<p>Fanta Maria e Pandora Luzia, personagens de grande sucesso do espet\u00e1culo A Bofetada, reestreiam levando alegria na pe\u00e7a Fanta &#038; Pandora, Uma Folia na Primavera. Celebrando os 35 anos da Cia. Baiana de Patifaria, a montagem \u00e9 apresentada no dia 14 de outubro, em Cama\u00e7ari. Ser\u00e1 uma \u00fanica sess\u00e3o, \u00e0s 20h, no Teatro Cidade do Saber. Os ingressos custam R$ 50 (inteira), R$ 25 (meia) e R$ 60 (casadinha) no primeiro lote, que encerra na sexta-feira (7\/10), e R$ 60 (inteira), R$ 30 (meia) e R$ 35 (promocional para professor) no segundo lote, liberado a partir do s\u00e1bado (8\/10). A aquisi\u00e7\u00e3o pode ser feita atrav\u00e9s do <a href=\"https:\/\/www.sympla.com.br\/evento\/fanta-pandora-uma-folia-na-primavera-em-camacari\/1731317\" target=\"_blank\" rel=\"noreferrer noopener\"><strong>Sympla<\/strong><\/a>.<\/p>\n<p>Com as duas professoras, interpretadas pelos atores Rodrigo Villa e Lelo Filho (que tamb\u00e9m assina a dire\u00e7\u00e3o do espet\u00e1culo), entram em cena tamb\u00e9m Araci, Paloma e Marivaldo, personagens interpretados respectivamente pelos atores Marcos Barretto, Maur\u00edcio Martins e Alexandre Moreira. Mas os \u2018patifes\u2019, cuja marca registrada \u00e9 o improviso, prometem surpresas e avisam: \u201cQue a plateia n\u00e3o se surpreenda se, por acaso, Juma, a Muda ou o V\u00e9io do rio, personagens da novela Pantanal, invadirem o palco tamb\u00e9m\u201d.<\/p>\n<p>Com texto escrito por Miguel Magno e Ricardo de Almeida, o esquete que originalmente durava 30 minutos, quando estreou em 1988 em A Bofetada, acabou por se tornar um espet\u00e1culo independente da montagem original, o que muito se deve \u00e0 capacidade de improviso dos atores que, em mais de tr\u00eas d\u00e9cadas, foram criando tamanha empatia e sucesso com o p\u00fablico, ao apresentar uma enlouquecida dupla de professoras universit\u00e1rias, que adentram o teatro transformando a plateia numa sala de aula e criando uma total interatividade com os alunos.<\/p>\n<p>Mais informa\u00e7\u00f5es podem ser adquiridas pelo telefone (71) 99925-8782. A classifica\u00e7\u00e3o indicativa \u00e9 de 5 anos.<\/p>\n<figure class=\"wp-block-image size-large\"><img fetchpriority=\"high\" decoding=\"async\" width=\"1024\" height=\"1024\" src=\"https:\/\/www.camacari.ba.gov.br\/wp-content\/uploads\/2022\/10\/secult-card-espetaculo-fanta-e-pandora-1024x1024.jpeg\" alt=\"\" class=\"wp-image-182483\" srcset=\"https:\/\/www.camacari.ba.gov.br\/wp-content\/uploads\/2022\/10\/secult-card-espetaculo-fanta-e-pandora-1024x1024.jpeg 1024w, https:\/\/www.camacari.ba.gov.br\/wp-content\/uploads\/2022\/10\/secult-card-espetaculo-fanta-e-pandora-300x300.jpeg 300w, https:\/\/www.camacari.ba.gov.br\/wp-content\/uploads\/2022\/10\/secult-card-espetaculo-fanta-e-pandora-150x150.jpeg 150w, https:\/\/www.camacari.ba.gov.br\/wp-content\/uploads\/2022\/10\/secult-card-espetaculo-fanta-e-pandora-768x768.jpeg 768w, https:\/\/www.camacari.ba.gov.br\/wp-content\/uploads\/2022\/10\/secult-card-espetaculo-fanta-e-pandora.jpeg 1280w\" sizes=\"(max-width: 1024px) 100vw, 1024px\"><\/figure>\n","protected":false},"excerpt":{"rendered":"<p>Fanta Maria e Pandora Luzia, personagens de grande sucesso do espet\u00e1culo A Bofetada, reestreiam levando alegria na pe\u00e7a Fanta &#038; Pandora, Uma Folia na Primavera. Celebrando os 35 anos da Cia. Baiana de Patifaria, a montagem \u00e9 apresentada no dia 14 de outubro, em Cama\u00e7ari. Ser\u00e1 uma \u00fanica sess\u00e3o, \u00e0s 20h, no Teatro Cidade do<\/p>\n","protected":false},"author":1,"featured_media":6671,"comment_status":"open","ping_status":"open","sticky":false,"template":"","format":"standard","meta":{"om_disable_all_campaigns":false,"_monsterinsights_skip_tracking":false,"_monsterinsights_sitenote_active":false,"_monsterinsights_sitenote_note":"","_monsterinsights_sitenote_category":0,"footnotes":""},"categories":[40],"tags":[],"class_list":{"0":"post-6670","1":"post","2":"type-post","3":"status-publish","4":"format-standard","5":"has-post-thumbnail","7":"category-camacari"},"_links":{"self":[{"href":"https:\/\/comandogeraldanoticia.com.br\/index.php\/wp-json\/wp\/v2\/posts\/6670","targetHints":{"allow":["GET"]}}],"collection":[{"href":"https:\/\/comandogeraldanoticia.com.br\/index.php\/wp-json\/wp\/v2\/posts"}],"about":[{"href":"https:\/\/comandogeraldanoticia.com.br\/index.php\/wp-json\/wp\/v2\/types\/post"}],"author":[{"embeddable":true,"href":"https:\/\/comandogeraldanoticia.com.br\/index.php\/wp-json\/wp\/v2\/users\/1"}],"replies":[{"embeddable":true,"href":"https:\/\/comandogeraldanoticia.com.br\/index.php\/wp-json\/wp\/v2\/comments?post=6670"}],"version-history":[{"count":0,"href":"https:\/\/comandogeraldanoticia.com.br\/index.php\/wp-json\/wp\/v2\/posts\/6670\/revisions"}],"wp:featuredmedia":[{"embeddable":true,"href":"https:\/\/comandogeraldanoticia.com.br\/index.php\/wp-json\/wp\/v2\/media\/6671"}],"wp:attachment":[{"href":"https:\/\/comandogeraldanoticia.com.br\/index.php\/wp-json\/wp\/v2\/media?parent=6670"}],"wp:term":[{"taxonomy":"category","embeddable":true,"href":"https:\/\/comandogeraldanoticia.com.br\/index.php\/wp-json\/wp\/v2\/categories?post=6670"},{"taxonomy":"post_tag","embeddable":true,"href":"https:\/\/comandogeraldanoticia.com.br\/index.php\/wp-json\/wp\/v2\/tags?post=6670"}],"curies":[{"name":"wp","href":"https:\/\/api.w.org\/{rel}","templated":true}]}}