{"id":6660,"date":"2022-10-03T14:13:53","date_gmt":"2022-10-03T14:13:53","guid":{"rendered":"https:\/\/comandogeraldanoticia.com.br\/index.php\/2022\/10\/03\/censo-2022-ja-entrevistou-104-milhoes-de-pessoas-diz-ibge\/"},"modified":"2022-10-03T14:13:53","modified_gmt":"2022-10-03T14:13:53","slug":"censo-2022-ja-entrevistou-104-milhoes-de-pessoas-diz-ibge","status":"publish","type":"post","link":"https:\/\/comandogeraldanoticia.com.br\/index.php\/2022\/10\/03\/censo-2022-ja-entrevistou-104-milhoes-de-pessoas-diz-ibge\/","title":{"rendered":"Censo 2022 j\u00e1 entrevistou 104 milh\u00f5es de pessoas, diz IBGE"},"content":{"rendered":"<p><img decoding=\"async\" src=\"https:\/\/s2.glbimg.com\/WYE2kGSnHOfoW53RYHX4REvpHH8=\/i.s3.glbimg.com\/v1\/AUTH_59edd422c0c84a879bd37670ae4f538a\/internal_photos\/bs\/2022\/b\/E\/eGviYBRCG1BfmxfhwOeQ\/recenseadora-ibge.jpg\"><br \/>   Instituto reconhece que continua enfrentando dificuldades relativas \u00e0 falta de pessoal para atuar como recenseadores em determinados locais. Censo 2022 no Piau\u00ed<br \/>\nAscom IBGE<br \/>\nDesde o in\u00edcio do Censo 2022, em 1\u00ba de agosto, at\u00e9 2 de outubro, foram recenseadas 104.445.750 de pessoas, em 36.567.808 domic\u00edlios no pa\u00eds. O segundo balan\u00e7o da pesquisa foi divulgado pelo Instituto Brasileiro de Geografia e Estat\u00edstica (IBGE) nesta segunda-feira (3).<br \/>\n\u201cEsse total de pessoas entrevistadas corresponde a 49% da popula\u00e7\u00e3o estimada do pa\u00eds\u201d, afirma o gerente t\u00e9cnico do Censo, Luciano Duarte.<br \/>\nDo total, 42% estavam no Sudeste; 27% no Nordeste; 14,3% no Sul; 8,9% no Norte e 7,8% no Centro-Oeste.<br \/>\nAt\u00e9 o momento, 48% da popula\u00e7\u00e3o recenseada era de homens e 52% de mulheres.<br \/>\nDificuldades com recenseadores continuam<br \/>\nO IBGE reconhece que continua enfrentando dificuldades relativas \u00e0 falta de pessoal para atuar como recenseador em determinados locais. Em todo o pa\u00eds, o IBGE conta com 95.448 recenseadores em a\u00e7\u00e3o, 52,2% do total de vagas dispon\u00edveis.<br \/>\nO estado com maior d\u00e9ficit de recenseadores \u00e9 o Mato Grosso, com 36,8% do n\u00famero de vagas ocupadas. J\u00e1 Sergipe est\u00e1 com 68,8% dos postos ocupados.<br \/>\n\u201cEstamos pensando em novas estrat\u00e9gias e alternativas de recrutamento, a fim de alavancar e melhorar a produtividade nos estados com menor percentual de popula\u00e7\u00e3o recenseada\u201d, diz Duarte.<br \/>\n62% dos setores ainda est\u00e3o sendo trabalhados<br \/>\nDo total de 452.246 setores censit\u00e1rios urbanos e rurais do pa\u00eds, 282.838 est\u00e3o sendo trabalhados no momento (62,54% do total).<br \/>\nO estado mais adiantado em termos de percentual de setores trabalhados \u00e9 Sergipe (80,78%), seguido por Rio Grande do Norte (79,69%) e Piau\u00ed (79,06%).<br \/>\nJ\u00e1 os estados de Mato Grosso (38,49%), Roraima (45,18%) e Acre (48,79%) s\u00e3o os que t\u00eam menor percentual de setores trabalhados.<br \/>\nAl\u00e9m disso, 860.358 ind\u00edgenas (0,82% da popula\u00e7\u00e3o recenseada at\u00e9 agora) e 740.923 quilombolas (0,71%) j\u00e1 foram contados.<br \/>\nRecusa em 2,27% dos domic\u00edlios<br \/>\nDe acordo com Duarte, 2,27% dos domic\u00edlios se recusaram a responder, percentual ele espera ser reduzido at\u00e9 o final da opera\u00e7\u00e3o, ap\u00f3s aplicados todos os protocolos de insist\u00eancia.<br \/>\nEm rela\u00e7\u00e3o ao tipo de question\u00e1rio, 88,2% dos domic\u00edlios responderam ao question\u00e1rio b\u00e1sico e 11,8% ao ampliado, percentual consistente com a amostra definida pelo IBGE.<br \/>\nO tempo mediano de preenchimento tem sido de 6 minutos para o question\u00e1rio b\u00e1sico e de 16 minutos para o question\u00e1rio ampliado.<br \/>\nA maior parte dos question\u00e1rios (99,5%) foi respondida de forma presencial, sendo que 81.620 domic\u00edlios optaram por responder pela internet e 85.309 pelo telefone.<\/p>\n","protected":false},"excerpt":{"rendered":"<p>Instituto reconhece que continua enfrentando dificuldades relativas \u00e0 falta de pessoal para atuar como recenseadores em determinados locais. Censo 2022 no Piau\u00ed Ascom IBGE Desde o in\u00edcio do Censo 2022, em 1\u00ba de agosto, at\u00e9 2 de outubro, foram recenseadas 104.445.750 de pessoas, em 36.567.808 domic\u00edlios no pa\u00eds. O segundo balan\u00e7o da pesquisa foi divulgado<\/p>\n","protected":false},"author":1,"featured_media":6661,"comment_status":"open","ping_status":"open","sticky":false,"template":"","format":"standard","meta":{"om_disable_all_campaigns":false,"_monsterinsights_skip_tracking":false,"_monsterinsights_sitenote_active":false,"_monsterinsights_sitenote_note":"","_monsterinsights_sitenote_category":0,"footnotes":""},"categories":[43],"tags":[],"class_list":{"0":"post-6660","1":"post","2":"type-post","3":"status-publish","4":"format-standard","5":"has-post-thumbnail","7":"category-economia"},"_links":{"self":[{"href":"https:\/\/comandogeraldanoticia.com.br\/index.php\/wp-json\/wp\/v2\/posts\/6660","targetHints":{"allow":["GET"]}}],"collection":[{"href":"https:\/\/comandogeraldanoticia.com.br\/index.php\/wp-json\/wp\/v2\/posts"}],"about":[{"href":"https:\/\/comandogeraldanoticia.com.br\/index.php\/wp-json\/wp\/v2\/types\/post"}],"author":[{"embeddable":true,"href":"https:\/\/comandogeraldanoticia.com.br\/index.php\/wp-json\/wp\/v2\/users\/1"}],"replies":[{"embeddable":true,"href":"https:\/\/comandogeraldanoticia.com.br\/index.php\/wp-json\/wp\/v2\/comments?post=6660"}],"version-history":[{"count":0,"href":"https:\/\/comandogeraldanoticia.com.br\/index.php\/wp-json\/wp\/v2\/posts\/6660\/revisions"}],"wp:featuredmedia":[{"embeddable":true,"href":"https:\/\/comandogeraldanoticia.com.br\/index.php\/wp-json\/wp\/v2\/media\/6661"}],"wp:attachment":[{"href":"https:\/\/comandogeraldanoticia.com.br\/index.php\/wp-json\/wp\/v2\/media?parent=6660"}],"wp:term":[{"taxonomy":"category","embeddable":true,"href":"https:\/\/comandogeraldanoticia.com.br\/index.php\/wp-json\/wp\/v2\/categories?post=6660"},{"taxonomy":"post_tag","embeddable":true,"href":"https:\/\/comandogeraldanoticia.com.br\/index.php\/wp-json\/wp\/v2\/tags?post=6660"}],"curies":[{"name":"wp","href":"https:\/\/api.w.org\/{rel}","templated":true}]}}