{"id":6656,"date":"2022-10-03T14:13:55","date_gmt":"2022-10-03T14:13:55","guid":{"rendered":"https:\/\/comandogeraldanoticia.com.br\/index.php\/2022\/10\/03\/confianca-empresarial-alcanca-maior-nivel-desde-agosto-de-2021-diz-fgv\/"},"modified":"2022-10-03T14:13:55","modified_gmt":"2022-10-03T14:13:55","slug":"confianca-empresarial-alcanca-maior-nivel-desde-agosto-de-2021-diz-fgv","status":"publish","type":"post","link":"https:\/\/comandogeraldanoticia.com.br\/index.php\/2022\/10\/03\/confianca-empresarial-alcanca-maior-nivel-desde-agosto-de-2021-diz-fgv\/","title":{"rendered":"Confian\u00e7a empresarial alcan\u00e7a maior n\u00edvel desde agosto de 2021, diz FGV"},"content":{"rendered":"<p>A alta da confian\u00e7a empresarial de setembro foi influenciada tanto pela melhora das percep\u00e7\u00f5es sobre a situa\u00e7\u00e3o presente e como das expectativas. O \u00cdndice de Confian\u00e7a Empresarial (ICE), calculado pelo Instituto Brasileiro de Economia da Funda\u00e7\u00e3o Getulio Vargas (FGV Ibre), subiu 0,8 ponto em setembro, para 101,5 pontos, o maior n\u00edvel desde agosto de 2021 (102,5 pontos).<br \/>\nEm m\u00e9dias m\u00f3veis trimestrais, o indicador manteve a tend\u00eancia ascendente pelo sexto m\u00eas seguido, com crescimento de 2,7 pontos no terceiro trimestre de 2022, um ritmo menos intenso de alta que o do trimestre anterior, quando o ICE avan\u00e7ara 7,0 pontos.<br \/>\n\u201cO ICE se aproxima do n\u00edvel de agosto de 2021, o maior alcan\u00e7ado desde o in\u00edcio da pandemia de covid-19. Desta vez com avalia\u00e7\u00f5es mais positivas sobre a situa\u00e7\u00e3o atual e expectativas menos favor\u00e1veis em rela\u00e7\u00e3o aos meses seguintes, principalmente no horizonte de seis meses \u00e0 frente. Os setores menos otimistas s\u00e3o o Com\u00e9rcio e Ind\u00fastria. Neste \u00faltimo setor, nota-se um pessimismo crescente com as perspectivas para a demanda externa &#8211; principalmente no segmento de Intermedi\u00e1rios &#8211; reflexo da forte desacelera\u00e7\u00e3o em curso da economia mundial\u201d, avalia Aloisio Campelo Jr., superintendente de estat\u00edsticas do FGV Ibre, em coment\u00e1rio no relat\u00f3rio.<br \/>\nA alta da confian\u00e7a empresarial de setembro foi influenciada pela melhora das percep\u00e7\u00f5es sobre a situa\u00e7\u00e3o presente e das expectativas para os pr\u00f3ximos meses. O \u00cdndice de Situa\u00e7\u00e3o Atual Empresarial (ISA-E) subiu 0,7 ponto, para 102,0 pontos, maior n\u00edvel desde junho de 2013 (102,4 pontos). O \u00cdndice de Expectativas (IE-E) subiu 1,0 ponto, para 100,1 pontos, maior n\u00edvel desde outubro de 2021 (100,3 pontos).<br \/>\nO \u00cdndice de Confian\u00e7a Empresarial (ICE) consolida os \u00edndices de confian\u00e7a dos quatro setores cobertos pelas Sondagens Empresariais produzidas pela FGV IBRE: Ind\u00fastria, Servi\u00e7os, Com\u00e9rcio e Constru\u00e7\u00e3o.<br \/>\nEm setembro, a confian\u00e7a subiu em todos os setores que integram o ICE, exceto na Ind\u00fastria que recuou ligeiramente, motivada pela piora das avalia\u00e7\u00f5es em rela\u00e7\u00e3o \u00e0 situa\u00e7\u00e3o corrente. A alta da confian\u00e7a nos demais setores foi influenciada pela melhora nos dois horizontes de tempo da pesquisa. A confian\u00e7a dos setores de Com\u00e9rcio, Servi\u00e7os e Constru\u00e7\u00e3o continuam superando o n\u00edvel neutro dos 100 pontos.<br \/>\nA confian\u00e7a empresarial cresceu em 61% dos 49 segmentos integrantes do ICE, uma dissemina\u00e7\u00e3o semelhante \u00e0 observada no m\u00eas anterior.<\/p>\n","protected":false},"excerpt":{"rendered":"<p>A alta da confian\u00e7a empresarial de setembro foi influenciada tanto pela melhora das percep\u00e7\u00f5es sobre a situa\u00e7\u00e3o presente e como das expectativas. O \u00cdndice de Confian\u00e7a Empresarial (ICE), calculado pelo Instituto Brasileiro de Economia da Funda\u00e7\u00e3o Getulio Vargas (FGV Ibre), subiu 0,8 ponto em setembro, para 101,5 pontos, o maior n\u00edvel desde agosto de 2021<\/p>\n","protected":false},"author":1,"featured_media":6657,"comment_status":"open","ping_status":"open","sticky":false,"template":"","format":"standard","meta":{"om_disable_all_campaigns":false,"_monsterinsights_skip_tracking":false,"_monsterinsights_sitenote_active":false,"_monsterinsights_sitenote_note":"","_monsterinsights_sitenote_category":0,"footnotes":""},"categories":[43],"tags":[],"class_list":{"0":"post-6656","1":"post","2":"type-post","3":"status-publish","4":"format-standard","5":"has-post-thumbnail","7":"category-economia"},"_links":{"self":[{"href":"https:\/\/comandogeraldanoticia.com.br\/index.php\/wp-json\/wp\/v2\/posts\/6656","targetHints":{"allow":["GET"]}}],"collection":[{"href":"https:\/\/comandogeraldanoticia.com.br\/index.php\/wp-json\/wp\/v2\/posts"}],"about":[{"href":"https:\/\/comandogeraldanoticia.com.br\/index.php\/wp-json\/wp\/v2\/types\/post"}],"author":[{"embeddable":true,"href":"https:\/\/comandogeraldanoticia.com.br\/index.php\/wp-json\/wp\/v2\/users\/1"}],"replies":[{"embeddable":true,"href":"https:\/\/comandogeraldanoticia.com.br\/index.php\/wp-json\/wp\/v2\/comments?post=6656"}],"version-history":[{"count":0,"href":"https:\/\/comandogeraldanoticia.com.br\/index.php\/wp-json\/wp\/v2\/posts\/6656\/revisions"}],"wp:featuredmedia":[{"embeddable":true,"href":"https:\/\/comandogeraldanoticia.com.br\/index.php\/wp-json\/wp\/v2\/media\/6657"}],"wp:attachment":[{"href":"https:\/\/comandogeraldanoticia.com.br\/index.php\/wp-json\/wp\/v2\/media?parent=6656"}],"wp:term":[{"taxonomy":"category","embeddable":true,"href":"https:\/\/comandogeraldanoticia.com.br\/index.php\/wp-json\/wp\/v2\/categories?post=6656"},{"taxonomy":"post_tag","embeddable":true,"href":"https:\/\/comandogeraldanoticia.com.br\/index.php\/wp-json\/wp\/v2\/tags?post=6656"}],"curies":[{"name":"wp","href":"https:\/\/api.w.org\/{rel}","templated":true}]}}