{"id":6476,"date":"2022-10-02T16:29:52","date_gmt":"2022-10-02T16:29:52","guid":{"rendered":"https:\/\/comandogeraldanoticia.com.br\/index.php\/2022\/10\/02\/sobe-para-73-o-numero-de-mortos-na-passagem-do-furacao-ian-pela-florida-nos-eua\/"},"modified":"2022-10-02T16:29:52","modified_gmt":"2022-10-02T16:29:52","slug":"sobe-para-73-o-numero-de-mortos-na-passagem-do-furacao-ian-pela-florida-nos-eua","status":"publish","type":"post","link":"https:\/\/comandogeraldanoticia.com.br\/index.php\/2022\/10\/02\/sobe-para-73-o-numero-de-mortos-na-passagem-do-furacao-ian-pela-florida-nos-eua\/","title":{"rendered":"Sobe para 73 o n\u00famero de mortos na passagem do furac\u00e3o Ian pela Fl\u00f3rida, nos EUA"},"content":{"rendered":"<p><img decoding=\"async\" src=\"https:\/\/s2.glbimg.com\/soPhFHE5MzHuOtZjDU6DElNrSqk=\/i.s3.glbimg.com\/v1\/AUTH_59edd422c0c84a879bd37670ae4f538a\/internal_photos\/bs\/2022\/M\/3\/2z2bdJSCyDKPPVBwwOhw\/000-32kg4j4.jpg\"><br \/>   Os estados da Carolina do Norte e do Sul e Virg\u00ednia tamb\u00e9m registram estragos causados pela passagem da tempestade tropical. Furac\u00e3o Ian: v\u00eddeo acelerado mostra \u00e1gua avan\u00e7ando por cidade na Fl\u00f3rida<br \/>\nSubiu para 73 o n\u00famero de mortos no estado da Fl\u00f3rida ap\u00f3s a passagem do furac\u00e3o Ian na quarta-feira (28), segundo dados oficiais obtidos pela imprensa local.<br \/>\nNos Estados Unidos, a Fl\u00f3rida contabiliza a maior parte das mortes, mais o Ian provocou estragos e mortes tamb\u00e9m nas Carolinas do Norte e do Sul e na Virg\u00ednia.<br \/>\nANTES e DEPOIS: Veja a destrui\u00e7\u00e3o causada pelo furac\u00e3o Ian nos EUA<br \/>\nAs autoridades da Carolina do Norte disseram que pelo menos quatro pessoas foram mortas l\u00e1. Nenhuma morte foi imediatamente relatada na Carolina do Sul.<br \/>\nO Centro Nacional de Furac\u00f5es dos EUA disse que fortes chuvas adicionais poderiam ocorrer em partes da Virg\u00ednia Ocidental e oeste de Maryland at\u00e9 a manh\u00e3 deste domingo (1).<br \/>\nAntes de chegar \u00e0 Am\u00e9rica do Norte, o furac\u00e3o passou por Cuba e Porto Rico, onde centenas de milhares de pessoas ainda est\u00e3o sem energia.<br \/>\nO presidente Joe Biden e a primeira-dama Jill Biden visitar\u00e3o Porto Rico na segunda-feira (3) e depois ir\u00e3o at\u00e9 a Fl\u00f3rida na quarta-feira (5) para avaliar os estragos causados pela passagem do furac\u00e3o, disse a Casa Branca em um comunicado.<br \/>\nCasa destru\u00edda em Fort Myers Beach, na Fl\u00f3rida, em 30\/09\/2022, ap\u00f3s passagem do furac\u00e3o Ian<br \/>\nGiorgio VIERA \/ AFP<\/p>\n","protected":false},"excerpt":{"rendered":"<p>Os estados da Carolina do Norte e do Sul e Virg\u00ednia tamb\u00e9m registram estragos causados pela passagem da tempestade tropical. Furac\u00e3o Ian: v\u00eddeo acelerado mostra \u00e1gua avan\u00e7ando por cidade na Fl\u00f3rida Subiu para 73 o n\u00famero de mortos no estado da Fl\u00f3rida ap\u00f3s a passagem do furac\u00e3o Ian na quarta-feira (28), segundo dados oficiais obtidos<\/p>\n","protected":false},"author":1,"featured_media":6477,"comment_status":"open","ping_status":"open","sticky":false,"template":"","format":"standard","meta":{"om_disable_all_campaigns":false,"_monsterinsights_skip_tracking":false,"_monsterinsights_sitenote_active":false,"_monsterinsights_sitenote_note":"","_monsterinsights_sitenote_category":0,"footnotes":""},"categories":[47],"tags":[],"class_list":{"0":"post-6476","1":"post","2":"type-post","3":"status-publish","4":"format-standard","5":"has-post-thumbnail","7":"category-mundo"},"_links":{"self":[{"href":"https:\/\/comandogeraldanoticia.com.br\/index.php\/wp-json\/wp\/v2\/posts\/6476","targetHints":{"allow":["GET"]}}],"collection":[{"href":"https:\/\/comandogeraldanoticia.com.br\/index.php\/wp-json\/wp\/v2\/posts"}],"about":[{"href":"https:\/\/comandogeraldanoticia.com.br\/index.php\/wp-json\/wp\/v2\/types\/post"}],"author":[{"embeddable":true,"href":"https:\/\/comandogeraldanoticia.com.br\/index.php\/wp-json\/wp\/v2\/users\/1"}],"replies":[{"embeddable":true,"href":"https:\/\/comandogeraldanoticia.com.br\/index.php\/wp-json\/wp\/v2\/comments?post=6476"}],"version-history":[{"count":0,"href":"https:\/\/comandogeraldanoticia.com.br\/index.php\/wp-json\/wp\/v2\/posts\/6476\/revisions"}],"wp:featuredmedia":[{"embeddable":true,"href":"https:\/\/comandogeraldanoticia.com.br\/index.php\/wp-json\/wp\/v2\/media\/6477"}],"wp:attachment":[{"href":"https:\/\/comandogeraldanoticia.com.br\/index.php\/wp-json\/wp\/v2\/media?parent=6476"}],"wp:term":[{"taxonomy":"category","embeddable":true,"href":"https:\/\/comandogeraldanoticia.com.br\/index.php\/wp-json\/wp\/v2\/categories?post=6476"},{"taxonomy":"post_tag","embeddable":true,"href":"https:\/\/comandogeraldanoticia.com.br\/index.php\/wp-json\/wp\/v2\/tags?post=6476"}],"curies":[{"name":"wp","href":"https:\/\/api.w.org\/{rel}","templated":true}]}}