{"id":6195,"date":"2022-10-01T01:27:26","date_gmt":"2022-10-01T01:27:26","guid":{"rendered":"https:\/\/comandogeraldanoticia.com.br\/index.php\/2022\/10\/01\/alem-de-burkina-faso-outros-tres-paises-da-africa-ocidental-e-central-sofreram-golpes-em-pouco-mais-de-dois-anos\/"},"modified":"2022-10-01T01:27:26","modified_gmt":"2022-10-01T01:27:26","slug":"alem-de-burkina-faso-outros-tres-paises-da-africa-ocidental-e-central-sofreram-golpes-em-pouco-mais-de-dois-anos","status":"publish","type":"post","link":"https:\/\/comandogeraldanoticia.com.br\/index.php\/2022\/10\/01\/alem-de-burkina-faso-outros-tres-paises-da-africa-ocidental-e-central-sofreram-golpes-em-pouco-mais-de-dois-anos\/","title":{"rendered":"Al\u00e9m de Burkina Faso, outros tr\u00eas pa\u00edses da \u00c1frica Ocidental e Central sofreram golpes em pouco mais de dois anos"},"content":{"rendered":"<p><img decoding=\"async\" src=\"https:\/\/s2.glbimg.com\/VPfq-Yj6vpDfh5MZv-VlDKuId50=\/i.s3.glbimg.com\/v1\/AUTH_59edd422c0c84a879bd37670ae4f538a\/internal_photos\/bs\/2022\/o\/b\/7BJqq4Q9WZ5H8vqBPTvw\/2022-09-30t215737z-1310319394-rc2xrw9nmzro-rtrmadp-3-burkina-security.jpg\"><br \/>   Mali, Chade e Guin\u00e9 tamb\u00e9m est\u00e3o sob poder de juntas militares. Ibrahim Traore se tornou o novo l\u00edder de Burkina Faso<br \/>\nRADIO TELEVISION BURKINA FASO<br \/>\nNesta sexta-feira (20), o capit\u00e3o do ex\u00e9rcito de Burkina Faso, Ibrahim Traore, destituiu o l\u00edder militar Paul-Henri Damiba, concretizando o segundo golpe no pa\u00eds em oito meses \u2014 em janeiro, o ex\u00e9rcito burkineoense removeu o presidente eleito Roch Kabore e culpou-o por n\u00e3o conter a viol\u00eancia de militantes isl\u00e2micos.<br \/>\nA a\u00e7\u00e3o de Traore e seus aliados marca a sexta vez em pouco mais de dois anos que um governo da \u00c1frica Ocidental e Central sofre um golpe militar.<br \/>\nMali<br \/>\nAssimi Goita, presidente interino do Mali, em agosto de 2020<br \/>\nMalik Konate \/ AFP<br \/>\nUm grupo de coron\u00e9is malianos liderados por Assimi Goita destituiu o presidente Ibrahim Boubacar Keita em agosto de 2020. O golpe ocorreu ap\u00f3s protestos antigovernamentais na capital, Bamako, e outras regi\u00f5es, contra a deteriora\u00e7\u00e3o da seguran\u00e7a, elei\u00e7\u00f5es legislativas contestadas e alega\u00e7\u00f5es de corrup\u00e7\u00e3o.<br \/>\nNa ocasi\u00e3o, sob press\u00e3o dos vizinhos, a junta militar concordou em ceder o poder a um governo interino liderado por civis, que foi encarregado de supervisionar uma transi\u00e7\u00e3o de 18 meses para elei\u00e7\u00f5es democr\u00e1ticas em fevereiro de 2022.<br \/>\nMeses depois, entretanto, os l\u00edderes do golpe entraram em confronto com o presidente interino, o coronel aposentado Bah Ndaw, e arquitetaram um segundo golpe em maio de 2021. Goita, que ent\u00e3o atuava como vice-presidente interino, virou presidente.<br \/>\nO governo de Goita anunciou que pretendia adiar as elei\u00e7\u00f5es em at\u00e9 cinco anos, provocando san\u00e7\u00f5es da Econ\u00f4mica dos Estados da \u00c1frica Ocidental (Cedeao) que paralisaram a j\u00e1 fr\u00e1gil economia do Mali. O bloco suspendeu algumas das san\u00e7\u00f5es em julho, depois que os governantes militares do pa\u00eds propuseram uma transi\u00e7\u00e3o de dois anos para a democracia e publicaram uma nova lei eleitoral.<br \/>\nChade<br \/>\nMahamat Idriss Deby Itno, presidente do Chade, em mar\u00e7o de 2022<br \/>\nReprodu\u00e7\u00e3o\/Twitter @GmahamatIdi<br \/>\nO ex\u00e9rcito do Chade assumiu o poder em abril de 2021, depois que o presidente Idriss Deby foi morto no campo de batalha enquanto visitava tropas que lutavam contra rebeldes no norte do pa\u00eds.<br \/>\nSob a lei chadiana, o presidente do parlamento deveria ter se tornado presidente da na\u00e7\u00e3o. No entanto, um conselho militar interveio e dissolveu o parlamento afirmando que isso garantiria a estabilidade.<br \/>\nO filho de Deby, general Mahamat Idriss Deby, foi nomeado presidente interino e encarregado de supervisionar uma transi\u00e7\u00e3o de 18 meses para as elei\u00e7\u00f5es. A transfer\u00eancia de poder levou a tumultos na capital, N&#8217;Djamena, mas os protestos foram contidos pelos militares.<br \/>\nGuin\u00e9<br \/>\nMamady Doumbouya, presidente de Guin\u00e9, em setembro de 2022<br \/>\nASSOCIATED PRESS<br \/>\nO comandante das for\u00e7as especiais, coronel Mamady Doumbouya, dep\u00f4s o presidente Alpha Conde em setembro de 2021. Um ano antes, Conde havia mudado a constitui\u00e7\u00e3o para contornar os limites que o impediriam de concorrer a um terceiro mandato.<br \/>\nProtestos tomaram conta da capital, Conacri, e deoutras regi\u00f5es, mas Doumbouya tornou-se presidente interino e prometeu uma transi\u00e7\u00e3o para elei\u00e7\u00f5es democr\u00e1ticas dentro de tr\u00eas anos.<br \/>\nA Cedeao, contudo, rejeitou o cronograma e imp\u00f4s san\u00e7\u00f5es aos membros da junta e seus parentes, incluindo o congelamento de suas contas banc\u00e1rias. Em julho, o bloco regional deu \u00e0 Guin\u00e9 at\u00e9 22 de outubro para estabelecer um cronograma &#8220;razo\u00e1vel&#8221;, ou enfrentar san\u00e7\u00f5es adicionais.<\/p>\n","protected":false},"excerpt":{"rendered":"<p>Mali, Chade e Guin\u00e9 tamb\u00e9m est\u00e3o sob poder de juntas militares. Ibrahim Traore se tornou o novo l\u00edder de Burkina Faso RADIO TELEVISION BURKINA FASO Nesta sexta-feira (20), o capit\u00e3o do ex\u00e9rcito de Burkina Faso, Ibrahim Traore, destituiu o l\u00edder militar Paul-Henri Damiba, concretizando o segundo golpe no pa\u00eds em oito meses \u2014 em janeiro,<\/p>\n","protected":false},"author":1,"featured_media":6196,"comment_status":"open","ping_status":"open","sticky":false,"template":"","format":"standard","meta":{"om_disable_all_campaigns":false,"_monsterinsights_skip_tracking":false,"_monsterinsights_sitenote_active":false,"_monsterinsights_sitenote_note":"","_monsterinsights_sitenote_category":0,"footnotes":""},"categories":[47],"tags":[],"class_list":{"0":"post-6195","1":"post","2":"type-post","3":"status-publish","4":"format-standard","5":"has-post-thumbnail","7":"category-mundo"},"_links":{"self":[{"href":"https:\/\/comandogeraldanoticia.com.br\/index.php\/wp-json\/wp\/v2\/posts\/6195","targetHints":{"allow":["GET"]}}],"collection":[{"href":"https:\/\/comandogeraldanoticia.com.br\/index.php\/wp-json\/wp\/v2\/posts"}],"about":[{"href":"https:\/\/comandogeraldanoticia.com.br\/index.php\/wp-json\/wp\/v2\/types\/post"}],"author":[{"embeddable":true,"href":"https:\/\/comandogeraldanoticia.com.br\/index.php\/wp-json\/wp\/v2\/users\/1"}],"replies":[{"embeddable":true,"href":"https:\/\/comandogeraldanoticia.com.br\/index.php\/wp-json\/wp\/v2\/comments?post=6195"}],"version-history":[{"count":0,"href":"https:\/\/comandogeraldanoticia.com.br\/index.php\/wp-json\/wp\/v2\/posts\/6195\/revisions"}],"wp:featuredmedia":[{"embeddable":true,"href":"https:\/\/comandogeraldanoticia.com.br\/index.php\/wp-json\/wp\/v2\/media\/6196"}],"wp:attachment":[{"href":"https:\/\/comandogeraldanoticia.com.br\/index.php\/wp-json\/wp\/v2\/media?parent=6195"}],"wp:term":[{"taxonomy":"category","embeddable":true,"href":"https:\/\/comandogeraldanoticia.com.br\/index.php\/wp-json\/wp\/v2\/categories?post=6195"},{"taxonomy":"post_tag","embeddable":true,"href":"https:\/\/comandogeraldanoticia.com.br\/index.php\/wp-json\/wp\/v2\/tags?post=6195"}],"curies":[{"name":"wp","href":"https:\/\/api.w.org\/{rel}","templated":true}]}}