{"id":6193,"date":"2022-10-01T01:27:27","date_gmt":"2022-10-01T01:27:27","guid":{"rendered":"https:\/\/comandogeraldanoticia.com.br\/index.php\/2022\/10\/01\/cuba-solicita-ajuda-dos-eua-apos-furacao-ian-deixar-ilha-sem-energia-diz-jornal\/"},"modified":"2022-10-01T01:27:27","modified_gmt":"2022-10-01T01:27:27","slug":"cuba-solicita-ajuda-dos-eua-apos-furacao-ian-deixar-ilha-sem-energia-diz-jornal","status":"publish","type":"post","link":"https:\/\/comandogeraldanoticia.com.br\/index.php\/2022\/10\/01\/cuba-solicita-ajuda-dos-eua-apos-furacao-ian-deixar-ilha-sem-energia-diz-jornal\/","title":{"rendered":"Cuba solicita ajuda dos EUA ap\u00f3s furac\u00e3o Ian deixar ilha sem energia, diz jornal"},"content":{"rendered":"<p>Falta de energia agravou preocupa\u00e7\u00f5es com a escassez de alimentos, combust\u00edvel e rem\u00e9dios. Furac\u00e3o Ian: v\u00eddeo acelerado mostra \u00e1gua avan\u00e7ando por cidade na Fl\u00f3rida<br \/>\nO governo de Cuba fez nesta sexta-feira (30) um raro pedido de assist\u00eancia emergencial ao governo do presidente dos Estados Unidos, Joe Biden, depois que o furac\u00e3o Ian deixou a ilha inteira, que tem 11 milh\u00f5es de habitantes, sem energia el\u00e9trica. As informa\u00e7\u00f5es foram divulgadas pelo &#8220;Wall Street Journal&#8221;.<br \/>\nO furac\u00e3o Ian devastou o territ\u00f3rio cubano na \u00faltima ter\u00e7a-feira (27) e deixou o pa\u00eds inteiro sem energia, al\u00e9m destruir casas e campos agr\u00edcolas. Nos dias posteriores, a popula\u00e7\u00e3o local fez contra o governo por causa da falta de energia, que aumentou as preocupa\u00e7\u00f5es com a escassez de alimentos, combust\u00edvel e rem\u00e9dios.<br \/>\nCaso o governo Biden aceite ajudar, Washington acredita que as autoridades cubanas dar\u00e3o prioridade a hospitais, instala\u00e7\u00f5es de bombeamento de \u00e1gua, saneamento e outras infraestruturas cr\u00edticas.<br \/>\n O Departamento de Estado n\u00e3o respondeu imediatamente a um pedido de coment\u00e1rio sobre o relat\u00f3rio, nem a embaixada de Cuba em Washington.<\/p>\n","protected":false},"excerpt":{"rendered":"<p>Falta de energia agravou preocupa\u00e7\u00f5es com a escassez de alimentos, combust\u00edvel e rem\u00e9dios. Furac\u00e3o Ian: v\u00eddeo acelerado mostra \u00e1gua avan\u00e7ando por cidade na Fl\u00f3rida O governo de Cuba fez nesta sexta-feira (30) um raro pedido de assist\u00eancia emergencial ao governo do presidente dos Estados Unidos, Joe Biden, depois que o furac\u00e3o Ian deixou a ilha<\/p>\n","protected":false},"author":1,"featured_media":6194,"comment_status":"open","ping_status":"open","sticky":false,"template":"","format":"standard","meta":{"om_disable_all_campaigns":false,"_monsterinsights_skip_tracking":false,"_monsterinsights_sitenote_active":false,"_monsterinsights_sitenote_note":"","_monsterinsights_sitenote_category":0,"footnotes":""},"categories":[47],"tags":[],"class_list":{"0":"post-6193","1":"post","2":"type-post","3":"status-publish","4":"format-standard","5":"has-post-thumbnail","7":"category-mundo"},"_links":{"self":[{"href":"https:\/\/comandogeraldanoticia.com.br\/index.php\/wp-json\/wp\/v2\/posts\/6193","targetHints":{"allow":["GET"]}}],"collection":[{"href":"https:\/\/comandogeraldanoticia.com.br\/index.php\/wp-json\/wp\/v2\/posts"}],"about":[{"href":"https:\/\/comandogeraldanoticia.com.br\/index.php\/wp-json\/wp\/v2\/types\/post"}],"author":[{"embeddable":true,"href":"https:\/\/comandogeraldanoticia.com.br\/index.php\/wp-json\/wp\/v2\/users\/1"}],"replies":[{"embeddable":true,"href":"https:\/\/comandogeraldanoticia.com.br\/index.php\/wp-json\/wp\/v2\/comments?post=6193"}],"version-history":[{"count":0,"href":"https:\/\/comandogeraldanoticia.com.br\/index.php\/wp-json\/wp\/v2\/posts\/6193\/revisions"}],"wp:featuredmedia":[{"embeddable":true,"href":"https:\/\/comandogeraldanoticia.com.br\/index.php\/wp-json\/wp\/v2\/media\/6194"}],"wp:attachment":[{"href":"https:\/\/comandogeraldanoticia.com.br\/index.php\/wp-json\/wp\/v2\/media?parent=6193"}],"wp:term":[{"taxonomy":"category","embeddable":true,"href":"https:\/\/comandogeraldanoticia.com.br\/index.php\/wp-json\/wp\/v2\/categories?post=6193"},{"taxonomy":"post_tag","embeddable":true,"href":"https:\/\/comandogeraldanoticia.com.br\/index.php\/wp-json\/wp\/v2\/tags?post=6193"}],"curies":[{"name":"wp","href":"https:\/\/api.w.org\/{rel}","templated":true}]}}