{"id":6039,"date":"2022-09-30T13:14:19","date_gmt":"2022-09-30T13:14:19","guid":{"rendered":"https:\/\/comandogeraldanoticia.com.br\/index.php\/2022\/09\/30\/sejuv-abre-2o-lote-de-inscricoes-para-corrida-camacari\/"},"modified":"2022-09-30T13:14:19","modified_gmt":"2022-09-30T13:14:19","slug":"sejuv-abre-2o-lote-de-inscricoes-para-corrida-camacari","status":"publish","type":"post","link":"https:\/\/comandogeraldanoticia.com.br\/index.php\/2022\/09\/30\/sejuv-abre-2o-lote-de-inscricoes-para-corrida-camacari\/","title":{"rendered":"Sejuv abre 2\u00ba lote de inscri\u00e7\u00f5es para Corrida Cama\u00e7ari"},"content":{"rendered":"<p>As inscri\u00e7\u00f5es do segundo e \u00faltimo lote para a Corrida Cama\u00e7ari s\u00e3o disponibilizadas apenas de forma on-line, atrav\u00e9s do link:<a href=\"https:\/\/forms.gle\/CP36dnCGfUty5iAq6\"> <\/a><a href=\"https:\/\/forms.gle\/CP36dnCGfUty5iAq6\" target=\"_blank\" rel=\"noreferrer noopener\"><strong>https:\/\/forms.gle\/CP36dnCGfUty5iAq6<\/strong><\/a>, e s\u00e3o limitadas. Para se inscrever, os interessados devem doar quatro quilos (kg) de alimentos n\u00e3o perec\u00edveis. Com percurso de 7 quil\u00f4metros (km), percorrido pelas principais ruas do Centro da cidade, a iniciativa deve reunir cerca de 1500 atletas, que disputar\u00e3o uma premia\u00e7\u00e3o total de R$ 12 mil reais.<\/p>\n<p>A entrega dos mantimentos deve ser feita no momento da retirada do chip, nos dias 5 e 6 de outubro, das 8h \u00e0s 16h, no Est\u00e1dio Municipal Fernando Ferreira Lopes, localizado na Rua Dom Avelar, Verdes Horizontes. Na ocasi\u00e3o, tamb\u00e9m ser\u00e3o entregues os chips dos inscritos no primeiro lote que n\u00e3o realizaram a entrega dos mantimentos. J\u00e1 a retirada dos kits, ser\u00e1 feita no dia e local do evento, dia 16 de outubro, das 5h \u00e0s 6h40, momentos antes da largada, agendada para as 7h, no Centro Administrativo, em frente \u00e0 C\u00e2mara Municipal de Cama\u00e7ari.<\/p>\n<p>Para esta edi\u00e7\u00e3o, a Prefeitura, por meio da Secretaria do Esporte, Lazer e Juventude (Sejuv), realizou as inscri\u00e7\u00f5es do primeiro lote de forma presencial e itinerante, com pontos instalados em v\u00e1rias localidades do munic\u00edpio, tanto na sede quanto na costa, com a finalidade de priorizar os mun\u00edcipes.<\/p>\n<figure class=\"wp-block-image size-large\"><img loading=\"lazy\" decoding=\"async\" loading=\"lazy\" width=\"819\" height=\"1024\" src=\"https:\/\/www.camacari.ba.gov.br\/wp-content\/uploads\/2022\/09\/sejuv-card-corrida-camacari-2o-lote-inscricao-819x1024.jpeg\" alt=\"\" class=\"wp-image-182371\" srcset=\"https:\/\/www.camacari.ba.gov.br\/wp-content\/uploads\/2022\/09\/sejuv-card-corrida-camacari-2o-lote-inscricao-819x1024.jpeg 819w, https:\/\/www.camacari.ba.gov.br\/wp-content\/uploads\/2022\/09\/sejuv-card-corrida-camacari-2o-lote-inscricao-240x300.jpeg 240w, https:\/\/www.camacari.ba.gov.br\/wp-content\/uploads\/2022\/09\/sejuv-card-corrida-camacari-2o-lote-inscricao-768x960.jpeg 768w, https:\/\/www.camacari.ba.gov.br\/wp-content\/uploads\/2022\/09\/sejuv-card-corrida-camacari-2o-lote-inscricao.jpeg 1024w\" sizes=\"auto, (max-width: 819px) 100vw, 819px\"><\/figure>\n","protected":false},"excerpt":{"rendered":"<p>As inscri\u00e7\u00f5es do segundo e \u00faltimo lote para a Corrida Cama\u00e7ari s\u00e3o disponibilizadas apenas de forma on-line, atrav\u00e9s do link: https:\/\/forms.gle\/CP36dnCGfUty5iAq6, e s\u00e3o limitadas. Para se inscrever, os interessados devem doar quatro quilos (kg) de alimentos n\u00e3o perec\u00edveis. Com percurso de 7 quil\u00f4metros (km), percorrido pelas principais ruas do Centro da cidade, a iniciativa deve<\/p>\n","protected":false},"author":1,"featured_media":6040,"comment_status":"open","ping_status":"open","sticky":false,"template":"","format":"standard","meta":{"om_disable_all_campaigns":false,"_monsterinsights_skip_tracking":false,"_monsterinsights_sitenote_active":false,"_monsterinsights_sitenote_note":"","_monsterinsights_sitenote_category":0,"footnotes":""},"categories":[40],"tags":[],"class_list":{"0":"post-6039","1":"post","2":"type-post","3":"status-publish","4":"format-standard","5":"has-post-thumbnail","7":"category-camacari"},"_links":{"self":[{"href":"https:\/\/comandogeraldanoticia.com.br\/index.php\/wp-json\/wp\/v2\/posts\/6039","targetHints":{"allow":["GET"]}}],"collection":[{"href":"https:\/\/comandogeraldanoticia.com.br\/index.php\/wp-json\/wp\/v2\/posts"}],"about":[{"href":"https:\/\/comandogeraldanoticia.com.br\/index.php\/wp-json\/wp\/v2\/types\/post"}],"author":[{"embeddable":true,"href":"https:\/\/comandogeraldanoticia.com.br\/index.php\/wp-json\/wp\/v2\/users\/1"}],"replies":[{"embeddable":true,"href":"https:\/\/comandogeraldanoticia.com.br\/index.php\/wp-json\/wp\/v2\/comments?post=6039"}],"version-history":[{"count":0,"href":"https:\/\/comandogeraldanoticia.com.br\/index.php\/wp-json\/wp\/v2\/posts\/6039\/revisions"}],"wp:featuredmedia":[{"embeddable":true,"href":"https:\/\/comandogeraldanoticia.com.br\/index.php\/wp-json\/wp\/v2\/media\/6040"}],"wp:attachment":[{"href":"https:\/\/comandogeraldanoticia.com.br\/index.php\/wp-json\/wp\/v2\/media?parent=6039"}],"wp:term":[{"taxonomy":"category","embeddable":true,"href":"https:\/\/comandogeraldanoticia.com.br\/index.php\/wp-json\/wp\/v2\/categories?post=6039"},{"taxonomy":"post_tag","embeddable":true,"href":"https:\/\/comandogeraldanoticia.com.br\/index.php\/wp-json\/wp\/v2\/tags?post=6039"}],"curies":[{"name":"wp","href":"https:\/\/api.w.org\/{rel}","templated":true}]}}