{"id":6037,"date":"2022-09-30T13:14:20","date_gmt":"2022-09-30T13:14:20","guid":{"rendered":"https:\/\/comandogeraldanoticia.com.br\/index.php\/2022\/09\/30\/camacari-e-o-potencial-turistico-a-historia-de-jucy-andrade\/"},"modified":"2022-09-30T13:14:20","modified_gmt":"2022-09-30T13:14:20","slug":"camacari-e-o-potencial-turistico-a-historia-de-jucy-andrade","status":"publish","type":"post","link":"https:\/\/comandogeraldanoticia.com.br\/index.php\/2022\/09\/30\/camacari-e-o-potencial-turistico-a-historia-de-jucy-andrade\/","title":{"rendered":"Cama\u00e7ari e o potencial tur\u00edstico \u2013 a hist\u00f3ria de Jucy Andrade"},"content":{"rendered":"<p>Diversidade e riquezas naturais e culturais, esses s\u00e3o os diferenciais do turismo de Cama\u00e7ari. O munic\u00edpio conta com 42 km de costa, a qual est\u00e1 inserida a localidade de Arembepe, local onde a empres\u00e1ria Maria Jucilene Vieira de Andrade, 72 anos, conhecida como Jucy Andrade, resolveu investir e fundar a Pousada Rom\u00e2ntica Chal\u00e9 Su\u00ed\u00e7o.<\/p>\n<p>Jucy nasceu em S\u00e1tiro Dias (Bahia) e come\u00e7ou a frequentar Cama\u00e7ari para veranear. H\u00e1 25 anos, com o falecimento do marido, \u201ctive que procurar uma outra vida para poder seguir meu destino, e quando eu cheguei aqui, em Cama\u00e7ari, as portas foram abertas\u201d, contou.<\/p>\n<p>\u201cCama\u00e7ari que \u00e9 um luxo. Eu diria que a orla mais linda que existe no estado da Bahia\u201d, disse ao ressaltar a localiza\u00e7\u00e3o privilegiada da Costa de Cama\u00e7ari, que se une a outras localidades, como Lauro de Freitas; a sua proximidade com Praia do Forte; e a curta dist\u00e2ncia, de tr\u00eas horas, para Aracaju (Sergipe); e acrescentou lembrando que por essas raz\u00f5es, est\u00e1 \u201cnessa maravilha at\u00e9 hoje\u201d.<\/p>\n<p>Dentre os locais tur\u00edsticos em Arembepe, ela destaca a praia do Piru\u00ed, com \u201cas piscinas de \u00e1gua salgada, mas ali voc\u00ea tamb\u00e9m vai ver os peixes nadando\u201d, e a Aldeia Hippie, \u201cmuita gente pode n\u00e3o conhecer Cama\u00e7ari, mas a Aldeia sim, porque ela \u00e9 simplesmente internacional, banhada pelo rio\u201d.<\/p>\n<p><a><\/a> Ela j\u00e1 est\u00e1 em processo de aposentadoria, mas vai deixar os frutos, os netos passar\u00e3o a cuidar da pousada \u201cn\u00e3o existe local mais promissor, n\u00e3o existe local mais aben\u00e7oado do que essa orla de Cama\u00e7ari. Eu vou sair, mas o meu chap\u00e9u vai ficar aqui\u201d, afirmou. Sobre o anivers\u00e1rio da cidade, celebrado em 28 de setembro, Jucy disse ao concluir, que \u201cfaltam palavras no sentido de enriquecer os 264 anos de Cama\u00e7ari\u201d.<\/p>\n<p>Este \u00e9 o \u00faltimo texto de uma s\u00e9rie com quatro mat\u00e9rias especiais em comemora\u00e7\u00e3o aos 264 anos da emancipa\u00e7\u00e3o pol\u00edtica de Cama\u00e7ari. Elas retratam a hist\u00f3ria do seu povo, formado por aqueles que nasceram e os que chegaram, que com amor e dedica\u00e7\u00e3o transformou o munic\u00edpio em um dos maiores do estado.<\/p>\n<figure class=\"wp-block-image size-large\"><img fetchpriority=\"high\" decoding=\"async\" width=\"1024\" height=\"683\" src=\"https:\/\/www.camacari.ba.gov.br\/wp-content\/uploads\/2022\/09\/outros-especial-264-anos-camacari-turistica-jean-victor-19.9.22-2-1024x683.jpg\" alt=\"\" class=\"wp-image-182377\" srcset=\"https:\/\/www.camacari.ba.gov.br\/wp-content\/uploads\/2022\/09\/outros-especial-264-anos-camacari-turistica-jean-victor-19.9.22-2-1024x683.jpg 1024w, https:\/\/www.camacari.ba.gov.br\/wp-content\/uploads\/2022\/09\/outros-especial-264-anos-camacari-turistica-jean-victor-19.9.22-2-300x200.jpg 300w, https:\/\/www.camacari.ba.gov.br\/wp-content\/uploads\/2022\/09\/outros-especial-264-anos-camacari-turistica-jean-victor-19.9.22-2-768x512.jpg 768w, https:\/\/www.camacari.ba.gov.br\/wp-content\/uploads\/2022\/09\/outros-especial-264-anos-camacari-turistica-jean-victor-19.9.22-2.jpg 2048w\" sizes=\"(max-width: 1024px) 100vw, 1024px\"><figcaption>Foto: Jean Victor<\/figcaption><\/figure>\n","protected":false},"excerpt":{"rendered":"<p>Diversidade e riquezas naturais e culturais, esses s\u00e3o os diferenciais do turismo de Cama\u00e7ari. O munic\u00edpio conta com 42 km de costa, a qual est\u00e1 inserida a localidade de Arembepe, local onde a empres\u00e1ria Maria Jucilene Vieira de Andrade, 72 anos, conhecida como Jucy Andrade, resolveu investir e fundar a Pousada Rom\u00e2ntica Chal\u00e9 Su\u00ed\u00e7o. Jucy<\/p>\n","protected":false},"author":1,"featured_media":6038,"comment_status":"open","ping_status":"open","sticky":false,"template":"","format":"standard","meta":{"om_disable_all_campaigns":false,"_monsterinsights_skip_tracking":false,"_monsterinsights_sitenote_active":false,"_monsterinsights_sitenote_note":"","_monsterinsights_sitenote_category":0,"footnotes":""},"categories":[40],"tags":[],"class_list":{"0":"post-6037","1":"post","2":"type-post","3":"status-publish","4":"format-standard","5":"has-post-thumbnail","7":"category-camacari"},"_links":{"self":[{"href":"https:\/\/comandogeraldanoticia.com.br\/index.php\/wp-json\/wp\/v2\/posts\/6037","targetHints":{"allow":["GET"]}}],"collection":[{"href":"https:\/\/comandogeraldanoticia.com.br\/index.php\/wp-json\/wp\/v2\/posts"}],"about":[{"href":"https:\/\/comandogeraldanoticia.com.br\/index.php\/wp-json\/wp\/v2\/types\/post"}],"author":[{"embeddable":true,"href":"https:\/\/comandogeraldanoticia.com.br\/index.php\/wp-json\/wp\/v2\/users\/1"}],"replies":[{"embeddable":true,"href":"https:\/\/comandogeraldanoticia.com.br\/index.php\/wp-json\/wp\/v2\/comments?post=6037"}],"version-history":[{"count":0,"href":"https:\/\/comandogeraldanoticia.com.br\/index.php\/wp-json\/wp\/v2\/posts\/6037\/revisions"}],"wp:featuredmedia":[{"embeddable":true,"href":"https:\/\/comandogeraldanoticia.com.br\/index.php\/wp-json\/wp\/v2\/media\/6038"}],"wp:attachment":[{"href":"https:\/\/comandogeraldanoticia.com.br\/index.php\/wp-json\/wp\/v2\/media?parent=6037"}],"wp:term":[{"taxonomy":"category","embeddable":true,"href":"https:\/\/comandogeraldanoticia.com.br\/index.php\/wp-json\/wp\/v2\/categories?post=6037"},{"taxonomy":"post_tag","embeddable":true,"href":"https:\/\/comandogeraldanoticia.com.br\/index.php\/wp-json\/wp\/v2\/tags?post=6037"}],"curies":[{"name":"wp","href":"https:\/\/api.w.org\/{rel}","templated":true}]}}