{"id":5969,"date":"2022-09-30T06:13:25","date_gmt":"2022-09-30T06:13:25","guid":{"rendered":"https:\/\/comandogeraldanoticia.com.br\/index.php\/2022\/09\/30\/explosao-em-escola-mata-19-no-afeganistao\/"},"modified":"2022-09-30T06:13:25","modified_gmt":"2022-09-30T06:13:25","slug":"explosao-em-escola-mata-19-no-afeganistao","status":"publish","type":"post","link":"https:\/\/comandogeraldanoticia.com.br\/index.php\/2022\/09\/30\/explosao-em-escola-mata-19-no-afeganistao\/","title":{"rendered":"Explos\u00e3o em escola mata 19 no Afeganist\u00e3o"},"content":{"rendered":"<p>Ataque suicida em Cabul ainda deixou 27 feridos. Um ataque suicida em um instituto de educa\u00e7\u00e3o em Cabul, capital do Afeganist\u00e3o, matou 19 pessoas e feriu dezenas, informou a pol\u00edcia nesta sexta-feira (30). N\u00e3o h\u00e1 reivindica\u00e7\u00e3o imediata de responsabilidade pelo ataque.<br \/>\nMuitos dos que vivem na \u00e1rea ocidental &#8211; onde ocorreu a explos\u00e3o &#8211; s\u00e3o hazara, uma minoria \u00e9tnica alvo de ataques anteriores lan\u00e7ados pelo grupo militante Estado Isl\u00e2mico (EI), entre outros.<br \/>\nO porta-voz da pol\u00edcia de Cabul, Khalid Zadran, disse que 27 pessoas tamb\u00e9m ficaram feridas no ataque.<br \/>\nEle disse que o ataque ocorreu em um instituto de educa\u00e7\u00e3o onde estava ocorrendo um exame de admiss\u00e3o.<br \/>\n&#8220;Atacar alvos civis prova a crueldade desumana do inimigo e a falta de padr\u00f5es morais&#8221;, disse Zadran, sem especificar quais grupos s\u00e3o suspeitos do ataque.<br \/>\nDesde que assumiu o Afeganist\u00e3o em agosto de 2021, o Talib\u00e3 enfatizou que est\u00e1 protegendo a na\u00e7\u00e3o ap\u00f3s d\u00e9cadas de guerra, mas nos \u00faltimos meses houve uma s\u00e9rie de explos\u00f5es em mesquitas e \u00e1reas civis.<br \/>\nEstudantes adolescentes est\u00e3o entre as 24 pessoas mortas em um ataque de 2020 reivindicado pelo EI em um centro educacional no oeste de Cabul.<\/p>\n","protected":false},"excerpt":{"rendered":"<p>Ataque suicida em Cabul ainda deixou 27 feridos. Um ataque suicida em um instituto de educa\u00e7\u00e3o em Cabul, capital do Afeganist\u00e3o, matou 19 pessoas e feriu dezenas, informou a pol\u00edcia nesta sexta-feira (30). N\u00e3o h\u00e1 reivindica\u00e7\u00e3o imediata de responsabilidade pelo ataque. Muitos dos que vivem na \u00e1rea ocidental &#8211; onde ocorreu a explos\u00e3o &#8211; s\u00e3o<\/p>\n","protected":false},"author":1,"featured_media":5970,"comment_status":"open","ping_status":"open","sticky":false,"template":"","format":"standard","meta":{"om_disable_all_campaigns":false,"_monsterinsights_skip_tracking":false,"_monsterinsights_sitenote_active":false,"_monsterinsights_sitenote_note":"","_monsterinsights_sitenote_category":0,"footnotes":""},"categories":[47],"tags":[],"class_list":{"0":"post-5969","1":"post","2":"type-post","3":"status-publish","4":"format-standard","5":"has-post-thumbnail","7":"category-mundo"},"_links":{"self":[{"href":"https:\/\/comandogeraldanoticia.com.br\/index.php\/wp-json\/wp\/v2\/posts\/5969","targetHints":{"allow":["GET"]}}],"collection":[{"href":"https:\/\/comandogeraldanoticia.com.br\/index.php\/wp-json\/wp\/v2\/posts"}],"about":[{"href":"https:\/\/comandogeraldanoticia.com.br\/index.php\/wp-json\/wp\/v2\/types\/post"}],"author":[{"embeddable":true,"href":"https:\/\/comandogeraldanoticia.com.br\/index.php\/wp-json\/wp\/v2\/users\/1"}],"replies":[{"embeddable":true,"href":"https:\/\/comandogeraldanoticia.com.br\/index.php\/wp-json\/wp\/v2\/comments?post=5969"}],"version-history":[{"count":0,"href":"https:\/\/comandogeraldanoticia.com.br\/index.php\/wp-json\/wp\/v2\/posts\/5969\/revisions"}],"wp:featuredmedia":[{"embeddable":true,"href":"https:\/\/comandogeraldanoticia.com.br\/index.php\/wp-json\/wp\/v2\/media\/5970"}],"wp:attachment":[{"href":"https:\/\/comandogeraldanoticia.com.br\/index.php\/wp-json\/wp\/v2\/media?parent=5969"}],"wp:term":[{"taxonomy":"category","embeddable":true,"href":"https:\/\/comandogeraldanoticia.com.br\/index.php\/wp-json\/wp\/v2\/categories?post=5969"},{"taxonomy":"post_tag","embeddable":true,"href":"https:\/\/comandogeraldanoticia.com.br\/index.php\/wp-json\/wp\/v2\/tags?post=5969"}],"curies":[{"name":"wp","href":"https:\/\/api.w.org\/{rel}","templated":true}]}}