{"id":5937,"date":"2022-09-30T01:12:12","date_gmt":"2022-09-30T01:12:12","guid":{"rendered":"https:\/\/comandogeraldanoticia.com.br\/index.php\/2022\/09\/30\/furacao-ian-segue-para-carolina-do-sul-e-carolina-do-norte-equipes-de-resgate-atendem-atingidos-na-florida\/"},"modified":"2022-09-30T01:12:12","modified_gmt":"2022-09-30T01:12:12","slug":"furacao-ian-segue-para-carolina-do-sul-e-carolina-do-norte-equipes-de-resgate-atendem-atingidos-na-florida","status":"publish","type":"post","link":"https:\/\/comandogeraldanoticia.com.br\/index.php\/2022\/09\/30\/furacao-ian-segue-para-carolina-do-sul-e-carolina-do-norte-equipes-de-resgate-atendem-atingidos-na-florida\/","title":{"rendered":"Furac\u00e3o Ian segue para Carolina do Sul e Carolina do Norte; equipes de resgate atendem atingidos na Fl\u00f3rida"},"content":{"rendered":"<p><img decoding=\"async\" src=\"https:\/\/s2.glbimg.com\/16lgViw4F_aFaCib077PQugQ-qA=\/i.s3.glbimg.com\/v1\/AUTH_59edd422c0c84a879bd37670ae4f538a\/internal_photos\/bs\/2022\/r\/X\/MjFBwGSmS1QVpBT8P2qQ\/furacao-ian-063-1428809854.jpg\"><br \/>   O Ian enfraqueceu e foi at\u00e9 reclassificado como uma tempestade tropical durante sua jornada pela Fl\u00f3rida, mas retornou \u00e0 for\u00e7a de furac\u00e3o. Furac\u00e3o Ian atinge a Fl\u00f3rida: veja 5 imagens marcantes<br \/>\nEquipes de emerg\u00eancia se apressam nesta quinta-feira (29) para chegar aos moradores isolados na Fl\u00f3rida, enquanto o furac\u00e3o Ian segue em dire\u00e7\u00e3o \u00e0s Carolinas do Sul e do Norte, depois de tra\u00e7ar\u00a0 um caminho de destrui\u00e7\u00e3o de costa a costa na Fl\u00f3rida, deixando para tr\u00e1s inunda\u00e7\u00f5es mortais, linhas de energia derrubadas e preju\u00edzos generalizados.<br \/>\nO Ian, uma das tempestades mais fortes a atingir o territ\u00f3rio continental dos Estados Unidos, inundou comunidades da Costa do Golfo e deixou milh\u00f5es sem fornecimento de energia antes de atravessar a pen\u00ednsula at\u00e9 o Oceano Atl\u00e2ntico, onde recuperou a for\u00e7a antes de outro desembarque no continente, previsto na Carolina do Sul na sexta-feira.<br \/>\nO n\u00famero de mortos na Fl\u00f3rida ainda \u00e9 incerto. Os relatos das v\u00edtimas s\u00e3o dispersos.<br \/>\nCompartilhe esta reportagem pelo WhatsApp<br \/>\nCompartilhe esta reportagem pelo Telegram<br \/>\nUm dos furac\u00f5es mais mortais da hist\u00f3ria<br \/>\nO presidente norte-americano, Joe Biden, falando na sede da Ag\u00eancia Federal de Gerenciamento de Emerg\u00eancias (Fema) em Washington D.C., disse que Ian pode ser um dos mais mortais da hist\u00f3ria do estado.<br \/>\n&#8220;Os n\u00fameros ainda n\u00e3o est\u00e3o claros, mas estamos ouvindo relatos iniciais do que pode ser uma perda substancial de vidas&#8221;, disse Biden.<br \/>\nNo condado de Charlotte, um porta-voz do departamento do xerife confirmou v\u00e1rias mortes, mas n\u00e3o tinha um n\u00famero firme. As autoridades do condado de Sarasota est\u00e3o investigando duas poss\u00edveis mortes relacionadas \u00e0 tempestade, disse um porta-voz do xerife.<br \/>\nUm homem de 72 anos em Deltona, na regi\u00e3o central da Fl\u00f3rida, morreu depois de sair durante a tempestade para drenar sua piscina, disseram autoridades.<br \/>\nFalta de energia<br \/>\nMais de 2,6 milh\u00f5es de resid\u00eancias e empresas na Fl\u00f3rida permaneciam sem energia. O governador Ron DeSantis disse que os condados de Lee e Charlotte, que abrigam mais de 900 mil pessoas, est\u00e3o &#8220;basicamente fora da rede&#8221;.<br \/>\nIan pode voltar a ficar mais intenso<br \/>\nGe\u00f3rgia, Carolina do Sul e Carolina do Norte estavam se preparando para o impacto. O Ian enfraqueceu e foi at\u00e9 reclassificado como uma tempestade tropical durante sua jornada pela Fl\u00f3rida, mas retornou \u00e0 for\u00e7a de furac\u00e3o \u00e0s 17h no hor\u00e1rio local (18h no hor\u00e1rio de Bras\u00edlia), com velocidades m\u00e1ximas sustentadas de vento de 120 km por hora, segundo o Centro Nacional de Furac\u00f5es dos EUA.<br \/>\nO Ian atingiu a Fl\u00f3rida na ilha de barreira de Cayo Costa na tarde de quarta-feira como um furac\u00e3o de categoria 4, com ventos m\u00e1ximos sustentados de 241 km por hora.<br \/>\nA tempestade transformou a costa sudoeste da Fl\u00f3rida, pontilhada de praias arenosas, cidades costeiras e parques de trailers, em uma zona de desastre quando Ian varreu a \u00e1gua do mar para as casas \u00e0 beira-mar.<br \/>\nTempestade b\u00edblica<br \/>\n&#8220;A Ilha Sanibel \u00e9 a destrui\u00e7\u00e3o. Ela foi atingida por uma tempestade realmente b\u00edblica. Ela arrasou estradas. Arrasou estruturas&#8221;, disse DeSantis durante uma coletiva de imprensa enquanto descrevia os danos sofridos pelo popular destino de f\u00e9rias.<br \/>\nEle disse anteriormente que 28 helic\u00f3pteros estavam realizando resgates na \u00e1gua e que a ponte para a ilha estava intransit\u00e1vel.<br \/>\nAo meio-dia de quinta-feira, moradores de \u00e1reas atingidas como Venice, localizada no condado de Sarasota, a cerca de 120 km ao sul de Tampa, ca\u00e7avam familiares e amigos enquanto equipes de resgate trabalhavam para alcan\u00e7ar pessoas presas em casas inundadas.<br \/>\nA busca por entes queridos tornou-se mais dif\u00edcil, pois os servi\u00e7os de telefonia celular eram frequentemente cortados.<br \/>\nEm Punta Gorda, uma cidade diretamente no caminho do furac\u00e3o, \u00e1rvores, detritos e linhas de energia cobriram as estradas, embora muitos pr\u00e9dios permanecessem de p\u00e9, tendo resistido ao ataque da tempestade melhor do que muitos temiam.<br \/>\nPr\u00e9dio teve teto arrancado pela passagem do furac\u00e3o Ian em Fort Myers, na Fl\u00f3rida<br \/>\n Joe Raedle\/Getty Images via AFP<br \/>\nUm n\u00famero n\u00e3o especificado de pessoas ficaram presas depois de optar por permanecer em casa em vez de atender \u00e0s ordens de retirada, segundo o governador.<br \/>\n&#8220;Muitas \u00e1rvores ca\u00eddas, muitas inunda\u00e7\u00f5es por toda parte. Estamos tentando encontrar minha filha&#8221;, disse Terri Byrd enquanto estava sentada em um ve\u00edculo em um estacionamento do Walmart tentando obter servi\u00e7o de celular depois de passar a noite em um escola prim\u00e1ria em Venice.<br \/>\n&#8220;Esta \u00e9 uma tempestade sobre a qual falaremos por muitos anos, um evento hist\u00f3rico&#8221;, disse Ken Graham, diretor do Servi\u00e7o Nacional de Meteorologia.<br \/>\nVeja os v\u00eddeos mais assistidos do g1<\/p>\n","protected":false},"excerpt":{"rendered":"<p>O Ian enfraqueceu e foi at\u00e9 reclassificado como uma tempestade tropical durante sua jornada pela Fl\u00f3rida, mas retornou \u00e0 for\u00e7a de furac\u00e3o. Furac\u00e3o Ian atinge a Fl\u00f3rida: veja 5 imagens marcantes Equipes de emerg\u00eancia se apressam nesta quinta-feira (29) para chegar aos moradores isolados na Fl\u00f3rida, enquanto o furac\u00e3o Ian segue em dire\u00e7\u00e3o \u00e0s Carolinas<\/p>\n","protected":false},"author":1,"featured_media":5938,"comment_status":"open","ping_status":"open","sticky":false,"template":"","format":"standard","meta":{"om_disable_all_campaigns":false,"_monsterinsights_skip_tracking":false,"_monsterinsights_sitenote_active":false,"_monsterinsights_sitenote_note":"","_monsterinsights_sitenote_category":0,"footnotes":""},"categories":[47],"tags":[],"class_list":{"0":"post-5937","1":"post","2":"type-post","3":"status-publish","4":"format-standard","5":"has-post-thumbnail","7":"category-mundo"},"_links":{"self":[{"href":"https:\/\/comandogeraldanoticia.com.br\/index.php\/wp-json\/wp\/v2\/posts\/5937","targetHints":{"allow":["GET"]}}],"collection":[{"href":"https:\/\/comandogeraldanoticia.com.br\/index.php\/wp-json\/wp\/v2\/posts"}],"about":[{"href":"https:\/\/comandogeraldanoticia.com.br\/index.php\/wp-json\/wp\/v2\/types\/post"}],"author":[{"embeddable":true,"href":"https:\/\/comandogeraldanoticia.com.br\/index.php\/wp-json\/wp\/v2\/users\/1"}],"replies":[{"embeddable":true,"href":"https:\/\/comandogeraldanoticia.com.br\/index.php\/wp-json\/wp\/v2\/comments?post=5937"}],"version-history":[{"count":0,"href":"https:\/\/comandogeraldanoticia.com.br\/index.php\/wp-json\/wp\/v2\/posts\/5937\/revisions"}],"wp:featuredmedia":[{"embeddable":true,"href":"https:\/\/comandogeraldanoticia.com.br\/index.php\/wp-json\/wp\/v2\/media\/5938"}],"wp:attachment":[{"href":"https:\/\/comandogeraldanoticia.com.br\/index.php\/wp-json\/wp\/v2\/media?parent=5937"}],"wp:term":[{"taxonomy":"category","embeddable":true,"href":"https:\/\/comandogeraldanoticia.com.br\/index.php\/wp-json\/wp\/v2\/categories?post=5937"},{"taxonomy":"post_tag","embeddable":true,"href":"https:\/\/comandogeraldanoticia.com.br\/index.php\/wp-json\/wp\/v2\/tags?post=5937"}],"curies":[{"name":"wp","href":"https:\/\/api.w.org\/{rel}","templated":true}]}}