{"id":5935,"date":"2022-09-30T01:12:13","date_gmt":"2022-09-30T01:12:13","guid":{"rendered":"https:\/\/comandogeraldanoticia.com.br\/index.php\/2022\/09\/30\/bispo-ganhador-do-nobel-da-paz-em-1996-foi-punido-por-vaticano-por-suposto-abuso-de-menores\/"},"modified":"2022-09-30T01:12:13","modified_gmt":"2022-09-30T01:12:13","slug":"bispo-ganhador-do-nobel-da-paz-em-1996-foi-punido-por-vaticano-por-suposto-abuso-de-menores","status":"publish","type":"post","link":"https:\/\/comandogeraldanoticia.com.br\/index.php\/2022\/09\/30\/bispo-ganhador-do-nobel-da-paz-em-1996-foi-punido-por-vaticano-por-suposto-abuso-de-menores\/","title":{"rendered":"Bispo ganhador do Nobel da Paz em 1996 foi punido por Vaticano por suposto abuso de menores"},"content":{"rendered":"<p><img decoding=\"async\" src=\"https:\/\/s2.glbimg.com\/mx8NPQcQ7zLvVhq9R5Ky8xb4B9g=\/i.s3.glbimg.com\/v1\/AUTH_59edd422c0c84a879bd37670ae4f538a\/internal_photos\/bs\/2022\/B\/7\/cm6KhWSoihakKefpu72g\/ap22272425546808.jpg\"><br \/>   Uma reportagem de uma revista holandesa ouviu citou dois homens, identificados com pseud\u00f4nimos, dizendo que Belo os estuprou quando tinham 14 e 15 anos e depois lhes deu dinheiro. Carlos Ximenes Belo em imagem de 1996<br \/>\nNeil Jacobs\/AP<br \/>\nO Vaticano reconheceu nesta quinta-feira (29) que h\u00e1 dois anos puniu secretamente Carlos Ximenes Belo, bispo de Timor-Leste e vencedor do Pr\u00eamio Nobel da Paz em resposta a alega\u00e7\u00f5es de que ele abusou sexualmente de meninos d\u00e9cadas atr\u00e1s.<br \/>\nO Vaticano s\u00f3 reconheceu que puniu o bispo depois de uma reportagem desta semana da revista holandesa De Groene Amsterdammer.<br \/>\nCompartilhe esta reportagem pelo WhatsApp<br \/>\nCompartilhe esta reportagem pelo Telegram<br \/>\nNa reportagem, a De Groene Amsterdammer citou dois homens, identificados com pseud\u00f4nimos, dizendo que Belo os estuprou quando tinham 14 e 15 anos e depois lhes deu dinheiro.<br \/>\nA publica\u00e7\u00e3o citou os dois homens dizendo que acreditavam que Belo havia abusado sexualmente de outros meninos em Timor-Leste. Alguns dos abusos teriam ocorrido na resid\u00eancia do bispo na capital do pa\u00eds, D\u00edli.<br \/>\nA De Groene Amsterdammer disse ter evid\u00eancias de que Belo tamb\u00e9m abusou sexualmente de meninos na d\u00e9cada de 1990, quando era padre.<br \/>\nA Reuters n\u00e3o conseguiu localizar Belo. A De Groene Amsterdammer disse que ele desligou o telefone quando foi contactado  para comentar as alega\u00e7\u00f5es.<br \/>\nVencedor do Nobel em 1996<br \/>\nBelo, de 74 anos, ganhou o Pr\u00eamio Nobel da Paz em 1996 junto com o agora presidente do Timor-Leste, Jos\u00e9 Ramos-Horta, por seu trabalho para acabar com o conflito no pa\u00eds.<br \/>\nO comit\u00ea noruegu\u00eas do Nobel citou a coragem de Belo em ajudar a esclarecer um massacre de timorenses em 1991 por militares indon\u00e9sios.<br \/>\nA ex-col\u00f4nia portuguesa conquistou a independ\u00eancia da Indon\u00e9sia em 2002, ap\u00f3s uma sangrenta ocupa\u00e7\u00e3o na qual centenas de milhares foram mortos.<br \/>\nNo mesmo ano em que o Timor-Leste conquistou a independ\u00eancia, Belo apresentou sua ren\u00fancia ao cargo de administrador apost\u00f3lico da Diocese de D\u00edli ao papa Jo\u00e3o Paulo 2\u00ba, alegando raz\u00f5es de sa\u00fade provocadas por stress e esgotamento. O ent\u00e3o papa aceitou.<br \/>\nBelo tinha apenas 54 anos na \u00e9poca, 21 anos antes da idade normal de aposentadoria para um bispo.<br \/>\nAp\u00f3s deixar o cargo de bispo de D\u00edli, Belo trabalhou como mission\u00e1rio em Mo\u00e7ambique e depois se estabeleceu em Portugal, onde ainda vive.<br \/>\nComunicado da Igreja<br \/>\nEm comunicado, o porta-voz do Vaticano, Matteo Bruni, disse que o escrit\u00f3rio doutrin\u00e1rio do Vaticano, que lida com casos de abuso sexual, se envolveu no caso pela primeira vez em 2019 &#8220;\u00e0 luz das acusa\u00e7\u00f5es que recebeu sobre o comportamento do bispo&#8221;.<br \/>\nEm 2020, o \u00f3rg\u00e3o imp\u00f4s \u201crestri\u00e7\u00f5es disciplinares\u201d incluindo \u201climita\u00e7\u00f5es aos seus movimentos e ao exerc\u00edcio do seu minist\u00e9rio, a proibi\u00e7\u00e3o de contacto volunt\u00e1rio com menores, de entrevistas e contatos\u201d com Timor-Leste.<br \/>\nBruni disse que em 2021 as medidas foram &#8220;modificadas e refor\u00e7adas&#8221;, sem dar detalhes. O porta-voz do Vaticano disse que o bispo &#8220;aceitou formalmente&#8221; as restri\u00e7\u00f5es nas duas vezes.<br \/>\nBelo \u00e9 membro da ordem religiosa salesiana, que tradicionalmente se especializa na educa\u00e7\u00e3o de crian\u00e7as.<br \/>\nA sucursal da ordem em Portugal disse em seu site que ouviu falar da &#8220;suspeita&#8221; de abuso sexual de menores por parte de Belo com profunda &#8220;tristeza e perplexidade&#8221;.<br \/>\nAfirmou que, desde o momento em que chegou a Portugal, Belo n\u00e3o teve &#8220;responsabilidades educativas ou pastorais&#8221; com a ordem.<br \/>\nVeja os v\u00eddeos mais assistidos do g1<\/p>\n","protected":false},"excerpt":{"rendered":"<p>Uma reportagem de uma revista holandesa ouviu citou dois homens, identificados com pseud\u00f4nimos, dizendo que Belo os estuprou quando tinham 14 e 15 anos e depois lhes deu dinheiro. Carlos Ximenes Belo em imagem de 1996 Neil Jacobs\/AP O Vaticano reconheceu nesta quinta-feira (29) que h\u00e1 dois anos puniu secretamente Carlos Ximenes Belo, bispo de<\/p>\n","protected":false},"author":1,"featured_media":5936,"comment_status":"open","ping_status":"open","sticky":false,"template":"","format":"standard","meta":{"om_disable_all_campaigns":false,"_monsterinsights_skip_tracking":false,"_monsterinsights_sitenote_active":false,"_monsterinsights_sitenote_note":"","_monsterinsights_sitenote_category":0,"footnotes":""},"categories":[47],"tags":[],"class_list":{"0":"post-5935","1":"post","2":"type-post","3":"status-publish","4":"format-standard","5":"has-post-thumbnail","7":"category-mundo"},"_links":{"self":[{"href":"https:\/\/comandogeraldanoticia.com.br\/index.php\/wp-json\/wp\/v2\/posts\/5935","targetHints":{"allow":["GET"]}}],"collection":[{"href":"https:\/\/comandogeraldanoticia.com.br\/index.php\/wp-json\/wp\/v2\/posts"}],"about":[{"href":"https:\/\/comandogeraldanoticia.com.br\/index.php\/wp-json\/wp\/v2\/types\/post"}],"author":[{"embeddable":true,"href":"https:\/\/comandogeraldanoticia.com.br\/index.php\/wp-json\/wp\/v2\/users\/1"}],"replies":[{"embeddable":true,"href":"https:\/\/comandogeraldanoticia.com.br\/index.php\/wp-json\/wp\/v2\/comments?post=5935"}],"version-history":[{"count":0,"href":"https:\/\/comandogeraldanoticia.com.br\/index.php\/wp-json\/wp\/v2\/posts\/5935\/revisions"}],"wp:featuredmedia":[{"embeddable":true,"href":"https:\/\/comandogeraldanoticia.com.br\/index.php\/wp-json\/wp\/v2\/media\/5936"}],"wp:attachment":[{"href":"https:\/\/comandogeraldanoticia.com.br\/index.php\/wp-json\/wp\/v2\/media?parent=5935"}],"wp:term":[{"taxonomy":"category","embeddable":true,"href":"https:\/\/comandogeraldanoticia.com.br\/index.php\/wp-json\/wp\/v2\/categories?post=5935"},{"taxonomy":"post_tag","embeddable":true,"href":"https:\/\/comandogeraldanoticia.com.br\/index.php\/wp-json\/wp\/v2\/tags?post=5935"}],"curies":[{"name":"wp","href":"https:\/\/api.w.org\/{rel}","templated":true}]}}