{"id":5921,"date":"2022-09-30T00:14:22","date_gmt":"2022-09-30T00:14:22","guid":{"rendered":"https:\/\/comandogeraldanoticia.com.br\/index.php\/2022\/09\/30\/furacao-ian-jornalista-de-mg-que-mora-na-florida-fala-sobre-estragos-e-toque-de-recolher-veja-video\/"},"modified":"2022-09-30T00:14:22","modified_gmt":"2022-09-30T00:14:22","slug":"furacao-ian-jornalista-de-mg-que-mora-na-florida-fala-sobre-estragos-e-toque-de-recolher-veja-video","status":"publish","type":"post","link":"https:\/\/comandogeraldanoticia.com.br\/index.php\/2022\/09\/30\/furacao-ian-jornalista-de-mg-que-mora-na-florida-fala-sobre-estragos-e-toque-de-recolher-veja-video\/","title":{"rendered":"Furac\u00e3o Ian: jornalista de MG que mora na Fl\u00f3rida fala sobre estragos e &#8216;toque de recolher&#8217;; veja v\u00eddeo"},"content":{"rendered":"<p><img decoding=\"async\" src=\"https:\/\/s2.glbimg.com\/TqkMcuBH7N_PJBKLyHpFlbuVc44=\/i.s3.glbimg.com\/v1\/AUTH_59edd422c0c84a879bd37670ae4f538a\/internal_photos\/bs\/2022\/R\/A\/Dk1ASSTk2TJuO5VQUh6w\/orlando-02.jpg\"><br \/>   Wellington Carvalho \u00e9 de Divin\u00f3polis e vive no estado americano h\u00e1 10 anos. Na localidade, \u00e1rvores s\u00e3o podadas e moradores ainda est\u00e3o sem energia. Embora tenha enfraquecido, tormenta pode provocar ainda mais danos.  Em Orlando, \u00e1rvores s\u00e3o cortadas para evitar riscos de queda -ap\u00f3s o furac\u00e3o Ian<br \/>\nWellington Carvalho\/Divulga\u00e7\u00e3o<br \/>\nO jornalista de Divin\u00f3polis Wellington Carvalho, que mora em Orlando, voltou a conversar com o g1 nesta quinta-feira (29) ap\u00f3s a passagem do furac\u00e3o Ian pelo Estado da Fl\u00f3rida. O furac\u00e3o acabou perdendo for\u00e7a e se transformou em uma tempestade tropical, mas, ainda assim, causou in\u00fameros estragos e deixou os moradores sem energia. Wellington contou qual a situa\u00e7\u00e3o da cidade e quais as mobiliza\u00e7\u00f5es ocorrem na localidade para que tudo volte ao normal.<br \/>\nCompartilhe no WhatsApp<br \/>\nCompartilhe no Telegram<br \/>\nPelo menos nove pessoas morreram durante a passagem do furac\u00e3o Ian pela Fl\u00f3rida, nos Estados Unidos, segundo informa\u00e7\u00f5es do governo do estado divulgadas nesta quinta-feira.<br \/>\n&#8216;Situa\u00e7\u00e3o semelhante a um toque de recolher&#8217;<br \/>\nSegundo Wellington, a cidade est\u00e1 sem energia desde a noite de quarta-feira (28); j\u00e1 s\u00e3o quase 20 horas sem fornecimento. A cidade paradis\u00edaca tem movimento intenso de moradores e milhares de turistas, como ele relata. \u201cUm cen\u00e1rio bem diferente do que n\u00f3s estamos acostumados. No dia a dia, h\u00e1 intensa correria, e agora \u00e9 bem diferente, um pouco assustador\u201d, disse.<br \/>\nNas ruas, h\u00e1 rastros do furac\u00e3o por toda parte, principalmente em rela\u00e7\u00e3o \u00e0s ruas: v\u00e1rias est\u00e3o alagadas. Al\u00e9m disso, in\u00fameras \u00e1rvores foram derrubadas em decorr\u00eancia dos fortes ventos e agora s\u00e3o podadas para que n\u00e3o ofere\u00e7am riscos aos moradores.<br \/>\n\u201cDe fato, nesse momento, existe uma situa\u00e7\u00e3o semelhante a um toque de recolher, onde as pessoas est\u00e3o dentro de casa. \u00c9 recomendado n\u00e3o sair por causa do tr\u00e2nsito e outras situa\u00e7\u00f5es como queda de \u00e1rvores. A falta de energia el\u00e9trica afeta 80% da cidade, ent\u00e3o h\u00e1 grande preocupa\u00e7\u00e3o com rela\u00e7\u00e3o a isso tamb\u00e9m\u201d, disse.<br \/>\nVeja no v\u00eddeo abaixo o que tem ocorrido na localidade, conforme registro do jornalista:<br \/>\nFurac\u00e3o Ian: jornalista de MG que mora na Fl\u00f3rida fala sobre estragos e toque de recolher<br \/>\nAinda segundo o jornalista, os com\u00e9rcios de um modo geral est\u00e3o todos fechados e a grande parte de supermercados tamb\u00e9m.<br \/>\n\u201cAlgumas lanchonetes com comidas r\u00e1pidas abriram agora, mas n\u00e3o sei exatamente at\u00e9 que hor\u00e1rio v\u00e3o funcionar. H\u00e1 uma mobiliza\u00e7\u00e3o geral do governo da cidade com reparos, v\u00e1rias equipes est\u00e3o nas ruas verificando os riscos, controlando o tr\u00e2nsito, afinal os sem\u00e1foros est\u00e3o desligados\u201d, destacou.<br \/>\nSobre a procura por comida em supermercados ele disse que n\u00e3o h\u00e1 movimenta\u00e7\u00e3o, pois as pessoas j\u00e1 haviam se preparado para os dias de isolamento.<br \/>\n\u201cN\u00e3o h\u00e1 esse movimento em busca nem de comida porque as pessoas j\u00e1 estavam se preparando para essa situa\u00e7\u00e3o de passagem de um furac\u00e3o, que gra\u00e7as a Deus perdeu for\u00e7a. A verdade \u00e9 que, at\u00e9 passar esse momento, ainda est\u00e3o todos com um pouco de medo. \u00c9 hora de recolher, de ficar em casa\u201d, disse.<br \/>\nFurac\u00e3o Ian causa medo e inseguran\u00e7a na Fl\u00f3rida<br \/>\nWellington Carvalho\/Divulga\u00e7\u00e3o<br \/>\nIan<br \/>\nO governador da Fl\u00f3rida, Ron DeSantis, afirmou que a intensidade do furac\u00e3o provavelmente j\u00e1 passou do pico, mas que o estado ainda deve ser atingido e que haver\u00e1 danos.<br \/>\nMoradores da costa do Golfo do M\u00e9xico, na Fl\u00f3rida, fecharam casas e seguiram para \u00e1reas mais altas. A tormenta deve levar muita chuva e ventos fortes.<br \/>\nMoradores de oito regi\u00f5es do estado receberam ordem para sair de locais vulner\u00e1veis: Charlotte, Hillsborough, Lee, Levy, Manatee, Pasco, Pinellas e Sarasota.<br \/>\nA Disney fechou na quarta-feira, e todos os parques do grupo na Fl\u00f3rida, por pelo menos dois dias.<br \/>\nA Ba\u00eda de Tampa, que n\u00e3o era atingida por um furac\u00e3o diretamente h\u00e1 100 anos, e a cidade de Saint Petersburg eram os alvos mais prov\u00e1veis \u200b\u200bpara o primeiro impacto direto, segundo a primeira proje\u00e7\u00e3o. Por\u00e9m, uma atualiza\u00e7\u00e3o das previs\u00f5es projetava o Ian mais ao sul do estado.<br \/>\nNo dia anterior, a tormenta atingiu Cuba, deixando a ilha inteira sem energia e duas pessoas mortas, al\u00e9m de vilarejos inundados. A tempestade devastou o extremo oeste da ilha com ventos e inunda\u00e7\u00f5es.<br \/>\nInfogr\u00e1fico mostra proje\u00e7\u00e3o esperada para trajet\u00f3ria do furac\u00e3o Ian<br \/>\nArte g1<br \/>\nV\u00cdDEOS: veja tudo sobre o Centro-Oeste de Minas<\/p>\n","protected":false},"excerpt":{"rendered":"<p>Wellington Carvalho \u00e9 de Divin\u00f3polis e vive no estado americano h\u00e1 10 anos. Na localidade, \u00e1rvores s\u00e3o podadas e moradores ainda est\u00e3o sem energia. Embora tenha enfraquecido, tormenta pode provocar ainda mais danos. Em Orlando, \u00e1rvores s\u00e3o cortadas para evitar riscos de queda -ap\u00f3s o furac\u00e3o Ian Wellington Carvalho\/Divulga\u00e7\u00e3o O jornalista de Divin\u00f3polis Wellington Carvalho,<\/p>\n","protected":false},"author":1,"featured_media":5922,"comment_status":"open","ping_status":"open","sticky":false,"template":"","format":"standard","meta":{"om_disable_all_campaigns":false,"_monsterinsights_skip_tracking":false,"_monsterinsights_sitenote_active":false,"_monsterinsights_sitenote_note":"","_monsterinsights_sitenote_category":0,"footnotes":""},"categories":[47],"tags":[],"class_list":{"0":"post-5921","1":"post","2":"type-post","3":"status-publish","4":"format-standard","5":"has-post-thumbnail","7":"category-mundo"},"_links":{"self":[{"href":"https:\/\/comandogeraldanoticia.com.br\/index.php\/wp-json\/wp\/v2\/posts\/5921","targetHints":{"allow":["GET"]}}],"collection":[{"href":"https:\/\/comandogeraldanoticia.com.br\/index.php\/wp-json\/wp\/v2\/posts"}],"about":[{"href":"https:\/\/comandogeraldanoticia.com.br\/index.php\/wp-json\/wp\/v2\/types\/post"}],"author":[{"embeddable":true,"href":"https:\/\/comandogeraldanoticia.com.br\/index.php\/wp-json\/wp\/v2\/users\/1"}],"replies":[{"embeddable":true,"href":"https:\/\/comandogeraldanoticia.com.br\/index.php\/wp-json\/wp\/v2\/comments?post=5921"}],"version-history":[{"count":0,"href":"https:\/\/comandogeraldanoticia.com.br\/index.php\/wp-json\/wp\/v2\/posts\/5921\/revisions"}],"wp:featuredmedia":[{"embeddable":true,"href":"https:\/\/comandogeraldanoticia.com.br\/index.php\/wp-json\/wp\/v2\/media\/5922"}],"wp:attachment":[{"href":"https:\/\/comandogeraldanoticia.com.br\/index.php\/wp-json\/wp\/v2\/media?parent=5921"}],"wp:term":[{"taxonomy":"category","embeddable":true,"href":"https:\/\/comandogeraldanoticia.com.br\/index.php\/wp-json\/wp\/v2\/categories?post=5921"},{"taxonomy":"post_tag","embeddable":true,"href":"https:\/\/comandogeraldanoticia.com.br\/index.php\/wp-json\/wp\/v2\/tags?post=5921"}],"curies":[{"name":"wp","href":"https:\/\/api.w.org\/{rel}","templated":true}]}}