{"id":5806,"date":"2022-09-29T15:22:09","date_gmt":"2022-09-29T15:22:09","guid":{"rendered":"https:\/\/comandogeraldanoticia.com.br\/index.php\/2022\/09\/29\/moradores-na-florida-procuram-desaparecidos-apos-furacao-ian-dois-morrem-e-900-mil-ficam-sem-energia\/"},"modified":"2022-09-29T15:22:09","modified_gmt":"2022-09-29T15:22:09","slug":"moradores-na-florida-procuram-desaparecidos-apos-furacao-ian-dois-morrem-e-900-mil-ficam-sem-energia","status":"publish","type":"post","link":"https:\/\/comandogeraldanoticia.com.br\/index.php\/2022\/09\/29\/moradores-na-florida-procuram-desaparecidos-apos-furacao-ian-dois-morrem-e-900-mil-ficam-sem-energia\/","title":{"rendered":"Moradores na Fl\u00f3rida procuram desaparecidos ap\u00f3s furac\u00e3o Ian; dois morrem e 900 mil ficam sem energia"},"content":{"rendered":"<p><img decoding=\"async\" src=\"https:\/\/s2.glbimg.com\/Z2KdgJACz1OtiJAsts3qr1J1J54=\/i.s3.glbimg.com\/v1\/AUTH_59edd422c0c84a879bd37670ae4f538a\/internal_photos\/bs\/2022\/7\/o\/LyUbiCSBA5XECUuBuqhQ\/ian-ap.jpg\"><br \/>   Governador do Estado disse que dois condados est\u00e3o &#8216;basicamente sem contato&#8217; e que duas mortes foram registradas. Ap\u00f3s passar pelo Estado, Ian perdeu for\u00e7a e virou uma tormenta tropical, em dire\u00e7\u00e3o \u00e0 Carolina do Sul.  Furac\u00e3o Ian passa por Cuba e pelo sul dos EUA<br \/>\nEquipes de resgate e moradores da costa do Golfo da Fl\u00f3rida procuraram pessoas desaparecidas e recolheram os peda\u00e7os de casas destru\u00eddas nesta quinta-feira (29), ap\u00f3s o furac\u00e3o Ian atingir a \u00e1rea com ventos, chuvas torrenciais, grandes ondas e cortes de energia.<br \/>\nUma das tempestades mais poderosas a atingir o continente dos EUA nos \u00faltimos anos, Ian inundou comunidades antes de atravessar a pen\u00ednsula at\u00e9 a costa atl\u00e2ntica do pa\u00eds. As empresas de energia locais disseram que mais de 2,5 milh\u00f5es de resid\u00eancias e empresas na Fl\u00f3rida continuam sem energia.<br \/>\nO governador Ron DeSantis disse que duas pessoas morreram por conta do furac\u00e3o e que os condados de Lee e Charlotte, que abrigam mais de 900.000 pessoas, est\u00e3o &#8220;basicamente fora da rede&#8221;.<br \/>\nNas primeiras horas da manh\u00e3, moradores e equipes de resgate em \u00e1reas duramente atingidas como Venice, localizada no condado de Sarasota, a cerca de 120 km ao sul de Tampa, buscavam familiares e amigos enquanto \u00e1rvores, detritos e linhas de energia cobriam estradas e a \u00e1gua parada lavou o solo.<br \/>\nIan &#8211; que j\u00e1 enfraqueceu e se transformou em tempestade tropical &#8211; tocou terra na ilha de Cayo Costa na tarde de quarta-feira (27) como um furac\u00e3o de categoria 4 com ventos m\u00e1ximos sustentados de 150 milhas por hora (241 km\/h).<br \/>\nHomem \u00e9 retirado de \u00e1rea alagada por equipes de resgate em Orlando, nos EUA, ap\u00f3s passagem de furac\u00e3o Ian, em 29 de setembro de 2022.<br \/>\nJohn Raoux\/ AP<br \/>\nO furac\u00e3o rapidamente transformou a costa sudoeste da Fl\u00f3rida, pontilhada de praias arenosas, cidades costeiras e parques de trailers, em uma zona de desastre ao varrer a \u00e1gua do mar para as casas \u00e0 beira-mar.<br \/>\n&#8220;Os impactos desta tempestade s\u00e3o hist\u00f3ricos e o dano que foi causado foi hist\u00f3rico&#8221;, disse DeSantis durante uma entrevista coletiva. &#8220;N\u00f3s nunca vimos um evento de inunda\u00e7\u00e3o como este. Nunca vimos tempestades desta magnitude.&#8221;<br \/>\nO governador disse ainda que 28 helic\u00f3pteros realizam resgates na \u00e1gua nesta quinta-feira.<br \/>\nEle afirmou tamb\u00e9m que a ponte para a Ilha Sanibel, na costa do Golfo, foi severamente danificada e intransit\u00e1vel. Dois hospitais da \u00e1rea foram evacuados, com os pacientes transferidos para um terreno mais alto.<br \/>\nA busca por parentes e amigos tornou-se mais dif\u00edcil ao longo da quinta-feira, porque os servi\u00e7os de telefonia celular s\u00e3o frequentemente cortados na regi\u00e3o.<br \/>\n&#8220;Muitas \u00e1rvores ca\u00eddas, muitas inunda\u00e7\u00f5es por toda parte. Estamos tentando encontrar minha filha&#8221;, disse Terri Byrd enquanto estava sentada em um ve\u00edculo em um estacionamento do Walmart tentando obter servi\u00e7o de celular depois de passar a noite em um escola prim\u00e1ria em Veneza.<br \/>\nFOTOS: Furac\u00e3o Ian atinge a Fl\u00f3rida e causa alagamentos e destrui\u00e7\u00e3o<br \/>\nO presidente Joe Biden falou com DeSantis na quinta-feira, dizendo que seu governo est\u00e1 comprometido em continuar com a coordena\u00e7\u00e3o estreita e que a diretora da Ag\u00eancia Federal de Gerenciamento de Emerg\u00eancias, Deanne Criswell, estar\u00e1 na Fl\u00f3rida na sexta-feira.<br \/>\nBiden tamb\u00e9m aprovou uma declara\u00e7\u00e3o de desastre, disponibilizando recursos federais para os munic\u00edpios afetados pela tempestade.<br \/>\nOs danos causados \u200b\u200bpor Ian ser\u00e3o catastr\u00f3ficos, e as autoridades est\u00e3o se preparando para que potencialmente milhares de pessoas sejam deslocadas a longo prazo, disse Criswell \u00e0 CNN.<br \/>\n&#8220;Acho que ainda n\u00e3o podemos quantific\u00e1-lo&#8221;, disse Criswell quando perguntado sobre os danos causados \u200b\u200bpela tempestade. &#8220;Mas posso dizer que vai ser catastr\u00f3fico.&#8221;<br \/>\nEla disse que as autoridades est\u00e3o se preparando para milhares de deslocados de longa data na regi\u00e3o, j\u00e1 que grandes centros populacionais foram atingidos, bem como fam\u00edlias que vivem em casas m\u00f3veis.<br \/>\nAlgumas concession\u00e1rias come\u00e7aram a restaurar a energia para os clientes agora que a tempestade passou pelo sul da Fl\u00f3rida, mas o n\u00famero de interrup\u00e7\u00f5es aumentou \u00e0 medida que a tempestade se movia pela Fl\u00f3rida.<br \/>\nA Florida Power &#038; Light Co (FPL) mobilizou mais de 13.000 funcion\u00e1rios para apoiar os esfor\u00e7os de restaura\u00e7\u00e3o de energia.<\/p>\n","protected":false},"excerpt":{"rendered":"<p>Governador do Estado disse que dois condados est\u00e3o &#8216;basicamente sem contato&#8217; e que duas mortes foram registradas. Ap\u00f3s passar pelo Estado, Ian perdeu for\u00e7a e virou uma tormenta tropical, em dire\u00e7\u00e3o \u00e0 Carolina do Sul. Furac\u00e3o Ian passa por Cuba e pelo sul dos EUA Equipes de resgate e moradores da costa do Golfo da<\/p>\n","protected":false},"author":1,"featured_media":5807,"comment_status":"open","ping_status":"open","sticky":false,"template":"","format":"standard","meta":{"om_disable_all_campaigns":false,"_monsterinsights_skip_tracking":false,"_monsterinsights_sitenote_active":false,"_monsterinsights_sitenote_note":"","_monsterinsights_sitenote_category":0,"footnotes":""},"categories":[47],"tags":[],"class_list":{"0":"post-5806","1":"post","2":"type-post","3":"status-publish","4":"format-standard","5":"has-post-thumbnail","7":"category-mundo"},"_links":{"self":[{"href":"https:\/\/comandogeraldanoticia.com.br\/index.php\/wp-json\/wp\/v2\/posts\/5806","targetHints":{"allow":["GET"]}}],"collection":[{"href":"https:\/\/comandogeraldanoticia.com.br\/index.php\/wp-json\/wp\/v2\/posts"}],"about":[{"href":"https:\/\/comandogeraldanoticia.com.br\/index.php\/wp-json\/wp\/v2\/types\/post"}],"author":[{"embeddable":true,"href":"https:\/\/comandogeraldanoticia.com.br\/index.php\/wp-json\/wp\/v2\/users\/1"}],"replies":[{"embeddable":true,"href":"https:\/\/comandogeraldanoticia.com.br\/index.php\/wp-json\/wp\/v2\/comments?post=5806"}],"version-history":[{"count":0,"href":"https:\/\/comandogeraldanoticia.com.br\/index.php\/wp-json\/wp\/v2\/posts\/5806\/revisions"}],"wp:featuredmedia":[{"embeddable":true,"href":"https:\/\/comandogeraldanoticia.com.br\/index.php\/wp-json\/wp\/v2\/media\/5807"}],"wp:attachment":[{"href":"https:\/\/comandogeraldanoticia.com.br\/index.php\/wp-json\/wp\/v2\/media?parent=5806"}],"wp:term":[{"taxonomy":"category","embeddable":true,"href":"https:\/\/comandogeraldanoticia.com.br\/index.php\/wp-json\/wp\/v2\/categories?post=5806"},{"taxonomy":"post_tag","embeddable":true,"href":"https:\/\/comandogeraldanoticia.com.br\/index.php\/wp-json\/wp\/v2\/tags?post=5806"}],"curies":[{"name":"wp","href":"https:\/\/api.w.org\/{rel}","templated":true}]}}