{"id":5771,"date":"2022-09-29T13:10:29","date_gmt":"2022-09-29T13:10:29","guid":{"rendered":"https:\/\/comandogeraldanoticia.com.br\/index.php\/2022\/09\/29\/vicosa-151-anos-arquivo-historico-da-ufv-disponibiliza-album-de-fotos-que-relembra-a-historia-do-municipio\/"},"modified":"2022-09-29T13:10:29","modified_gmt":"2022-09-29T13:10:29","slug":"vicosa-151-anos-arquivo-historico-da-ufv-disponibiliza-album-de-fotos-que-relembra-a-historia-do-municipio","status":"publish","type":"post","link":"https:\/\/comandogeraldanoticia.com.br\/index.php\/2022\/09\/29\/vicosa-151-anos-arquivo-historico-da-ufv-disponibiliza-album-de-fotos-que-relembra-a-historia-do-municipio\/","title":{"rendered":"Vi\u00e7osa 151 anos: arquivo hist\u00f3rico da UFV disponibiliza \u00e1lbum de fotos que relembra a hist\u00f3ria do munic\u00edpio"},"content":{"rendered":"<p>\u00c1lbum Vi\u00e7osa em fotos foi criado em 1973<\/p>\n","protected":false},"excerpt":{"rendered":"<p>\u00c1lbum Vi\u00e7osa em fotos foi criado em 1973<\/p>\n","protected":false},"author":1,"featured_media":5772,"comment_status":"open","ping_status":"open","sticky":false,"template":"","format":"standard","meta":{"om_disable_all_campaigns":false,"_monsterinsights_skip_tracking":false,"_monsterinsights_sitenote_active":false,"_monsterinsights_sitenote_note":"","_monsterinsights_sitenote_category":0,"footnotes":""},"categories":[51],"tags":[],"class_list":{"0":"post-5771","1":"post","2":"type-post","3":"status-publish","4":"format-standard","5":"has-post-thumbnail","7":"category-matas-de-sao-joao"},"_links":{"self":[{"href":"https:\/\/comandogeraldanoticia.com.br\/index.php\/wp-json\/wp\/v2\/posts\/5771","targetHints":{"allow":["GET"]}}],"collection":[{"href":"https:\/\/comandogeraldanoticia.com.br\/index.php\/wp-json\/wp\/v2\/posts"}],"about":[{"href":"https:\/\/comandogeraldanoticia.com.br\/index.php\/wp-json\/wp\/v2\/types\/post"}],"author":[{"embeddable":true,"href":"https:\/\/comandogeraldanoticia.com.br\/index.php\/wp-json\/wp\/v2\/users\/1"}],"replies":[{"embeddable":true,"href":"https:\/\/comandogeraldanoticia.com.br\/index.php\/wp-json\/wp\/v2\/comments?post=5771"}],"version-history":[{"count":0,"href":"https:\/\/comandogeraldanoticia.com.br\/index.php\/wp-json\/wp\/v2\/posts\/5771\/revisions"}],"wp:featuredmedia":[{"embeddable":true,"href":"https:\/\/comandogeraldanoticia.com.br\/index.php\/wp-json\/wp\/v2\/media\/5772"}],"wp:attachment":[{"href":"https:\/\/comandogeraldanoticia.com.br\/index.php\/wp-json\/wp\/v2\/media?parent=5771"}],"wp:term":[{"taxonomy":"category","embeddable":true,"href":"https:\/\/comandogeraldanoticia.com.br\/index.php\/wp-json\/wp\/v2\/categories?post=5771"},{"taxonomy":"post_tag","embeddable":true,"href":"https:\/\/comandogeraldanoticia.com.br\/index.php\/wp-json\/wp\/v2\/tags?post=5771"}],"curies":[{"name":"wp","href":"https:\/\/api.w.org\/{rel}","templated":true}]}}