{"id":5767,"date":"2022-09-29T13:10:31","date_gmt":"2022-09-29T13:10:31","guid":{"rendered":"https:\/\/comandogeraldanoticia.com.br\/index.php\/2022\/09\/29\/venda-de-bebidas-alcoolicas-e-liberada-no-dia-da-eleicao-em-mg\/"},"modified":"2022-09-29T13:10:31","modified_gmt":"2022-09-29T13:10:31","slug":"venda-de-bebidas-alcoolicas-e-liberada-no-dia-da-eleicao-em-mg","status":"publish","type":"post","link":"https:\/\/comandogeraldanoticia.com.br\/index.php\/2022\/09\/29\/venda-de-bebidas-alcoolicas-e-liberada-no-dia-da-eleicao-em-mg\/","title":{"rendered":"Venda de bebidas alco\u00f3licas \u00e9 liberada no dia da elei\u00e7\u00e3o em MG"},"content":{"rendered":"<p>&#8216;Lei Seca&#8217; n\u00e3o ser\u00e1 aplicada pelo Governo de Minas, que alega &#8216;fragilidade no amparo legal da decis\u00e3o&#8217;<\/p>\n","protected":false},"excerpt":{"rendered":"<p>&#8216;Lei Seca&#8217; n\u00e3o ser\u00e1 aplicada pelo Governo de Minas, que alega &#8216;fragilidade no amparo legal da decis\u00e3o&#8217;<\/p>\n","protected":false},"author":1,"featured_media":5768,"comment_status":"open","ping_status":"open","sticky":false,"template":"","format":"standard","meta":{"om_disable_all_campaigns":false,"_monsterinsights_skip_tracking":false,"_monsterinsights_sitenote_active":false,"_monsterinsights_sitenote_note":"","_monsterinsights_sitenote_category":0,"footnotes":""},"categories":[51],"tags":[],"class_list":{"0":"post-5767","1":"post","2":"type-post","3":"status-publish","4":"format-standard","5":"has-post-thumbnail","7":"category-matas-de-sao-joao"},"_links":{"self":[{"href":"https:\/\/comandogeraldanoticia.com.br\/index.php\/wp-json\/wp\/v2\/posts\/5767","targetHints":{"allow":["GET"]}}],"collection":[{"href":"https:\/\/comandogeraldanoticia.com.br\/index.php\/wp-json\/wp\/v2\/posts"}],"about":[{"href":"https:\/\/comandogeraldanoticia.com.br\/index.php\/wp-json\/wp\/v2\/types\/post"}],"author":[{"embeddable":true,"href":"https:\/\/comandogeraldanoticia.com.br\/index.php\/wp-json\/wp\/v2\/users\/1"}],"replies":[{"embeddable":true,"href":"https:\/\/comandogeraldanoticia.com.br\/index.php\/wp-json\/wp\/v2\/comments?post=5767"}],"version-history":[{"count":0,"href":"https:\/\/comandogeraldanoticia.com.br\/index.php\/wp-json\/wp\/v2\/posts\/5767\/revisions"}],"wp:featuredmedia":[{"embeddable":true,"href":"https:\/\/comandogeraldanoticia.com.br\/index.php\/wp-json\/wp\/v2\/media\/5768"}],"wp:attachment":[{"href":"https:\/\/comandogeraldanoticia.com.br\/index.php\/wp-json\/wp\/v2\/media?parent=5767"}],"wp:term":[{"taxonomy":"category","embeddable":true,"href":"https:\/\/comandogeraldanoticia.com.br\/index.php\/wp-json\/wp\/v2\/categories?post=5767"},{"taxonomy":"post_tag","embeddable":true,"href":"https:\/\/comandogeraldanoticia.com.br\/index.php\/wp-json\/wp\/v2\/tags?post=5767"}],"curies":[{"name":"wp","href":"https:\/\/api.w.org\/{rel}","templated":true}]}}