{"id":5762,"date":"2022-09-29T13:10:04","date_gmt":"2022-09-29T13:10:04","guid":{"rendered":"https:\/\/comandogeraldanoticia.com.br\/index.php\/2022\/09\/29\/fotos-furacao-ian-atinge-a-florida-e-causa-alagamentos-e-destruicao\/"},"modified":"2022-09-29T13:10:04","modified_gmt":"2022-09-29T13:10:04","slug":"fotos-furacao-ian-atinge-a-florida-e-causa-alagamentos-e-destruicao","status":"publish","type":"post","link":"https:\/\/comandogeraldanoticia.com.br\/index.php\/2022\/09\/29\/fotos-furacao-ian-atinge-a-florida-e-causa-alagamentos-e-destruicao\/","title":{"rendered":"FOTOS: Furac\u00e3o Ian atinge a Fl\u00f3rida e causa alagamentos e destrui\u00e7\u00e3o"},"content":{"rendered":"<p><img decoding=\"async\" src=\"https:\/\/s2.glbimg.com\/bfOtZu6Hxi_oo6kqmXPZXV9jqHQ=\/i.s3.glbimg.com\/v1\/AUTH_59edd422c0c84a879bd37670ae4f538a\/internal_photos\/bs\/2022\/u\/g\/xiG4qfSfWVk6tkaF9FOg\/2022-09-29t005641z-1757301351-rc2jqw9oylar-rtrmadp-3-storm-ian-florida.jpg\"><br \/>   Uma das tempestades mais poderosas j\u00e1 registradas nos Estados Unidos inundou o sudoeste da Fl\u00f3rida. A tormenta deixou 1,8 milh\u00e3o de pessoas sem energia na Fl\u00f3rida, nos EUA, na quarta-feira (28) e amea\u00e7a provocar danos catastr\u00f3ficos nesta quinta (29). Veja abaixo fotos da devasta\u00e7\u00e3o causada pelo furac\u00e3o Ian:<br \/>\nUma rua inundada \u00e9 vista no centro da cidade enquanto o furac\u00e3o Ian toca o solo no sudoeste da Fl\u00f3rida, em Fort Myers, EUA<br \/>\nREUTERS\/Marco Bello<br \/>\n\u00c1rvores ca\u00eddas e destro\u00e7os s\u00e3o vistos em um estacionamento enquanto o furac\u00e3o Ian atinge o sudoeste da Fl\u00f3rida, em Fort Myers, EUA<br \/>\nREUTERS\/Marco Bello<br \/>\nUm homem caminha entre folhas de palmeiras ca\u00eddas e escombros em uma rua no centro da cidade enquanto o furac\u00e3o Ian atinge o sudoeste da Fl\u00f3rida, em Fort Myers, EUA<br \/>\nREUTERS\/Marco Bello<br \/>\nUma rua inundada \u00e9 vista no centro da cidade enquanto o furac\u00e3o Ian atinge o sudoeste da Fl\u00f3rida, em Fort Myers, EUA<br \/>\nREUTERS\/Marco Bello<br \/>\nUm sem\u00e1foro ca\u00eddo \u00e9 visto em uma rua enquanto o furac\u00e3o Ian atinge o sudoeste da Fl\u00f3rida, em Fort Myers, EUA<br \/>\nREUTERS\/Marco Bello<br \/>\nUma cesta de basquete fica no ch\u00e3o enquanto o furac\u00e3o Ian atinge o sudoeste da Fl\u00f3rida, em Tampa, EUA<br \/>\nREUTERS\/Shannon Stapleton<br \/>\nUma rua inundada \u00e9 vista no centro da cidade enquanto o furac\u00e3o Ian atinge o sudoeste da Fl\u00f3rida, em Fort Myers, EUA<br \/>\nREUTERS\/Marco Bello<br \/>\nUma \u00e1rvore ca\u00edda \u00e9 vista na \u00e1rea de piscina de um hotel enquanto o furac\u00e3o Ian atinge o sudoeste da Fl\u00f3rida, em Fort Myers, EUA<br \/>\nREUTERS\/Marco Bello<\/p>\n","protected":false},"excerpt":{"rendered":"<p>Uma das tempestades mais poderosas j\u00e1 registradas nos Estados Unidos inundou o sudoeste da Fl\u00f3rida. A tormenta deixou 1,8 milh\u00e3o de pessoas sem energia na Fl\u00f3rida, nos EUA, na quarta-feira (28) e amea\u00e7a provocar danos catastr\u00f3ficos nesta quinta (29). Veja abaixo fotos da devasta\u00e7\u00e3o causada pelo furac\u00e3o Ian: Uma rua inundada \u00e9 vista no centro<\/p>\n","protected":false},"author":1,"featured_media":0,"comment_status":"open","ping_status":"open","sticky":false,"template":"","format":"standard","meta":{"om_disable_all_campaigns":false,"_monsterinsights_skip_tracking":false,"_monsterinsights_sitenote_active":false,"_monsterinsights_sitenote_note":"","_monsterinsights_sitenote_category":0,"footnotes":""},"categories":[47],"tags":[],"class_list":{"0":"post-5762","1":"post","2":"type-post","3":"status-publish","4":"format-standard","6":"category-mundo"},"_links":{"self":[{"href":"https:\/\/comandogeraldanoticia.com.br\/index.php\/wp-json\/wp\/v2\/posts\/5762","targetHints":{"allow":["GET"]}}],"collection":[{"href":"https:\/\/comandogeraldanoticia.com.br\/index.php\/wp-json\/wp\/v2\/posts"}],"about":[{"href":"https:\/\/comandogeraldanoticia.com.br\/index.php\/wp-json\/wp\/v2\/types\/post"}],"author":[{"embeddable":true,"href":"https:\/\/comandogeraldanoticia.com.br\/index.php\/wp-json\/wp\/v2\/users\/1"}],"replies":[{"embeddable":true,"href":"https:\/\/comandogeraldanoticia.com.br\/index.php\/wp-json\/wp\/v2\/comments?post=5762"}],"version-history":[{"count":0,"href":"https:\/\/comandogeraldanoticia.com.br\/index.php\/wp-json\/wp\/v2\/posts\/5762\/revisions"}],"wp:attachment":[{"href":"https:\/\/comandogeraldanoticia.com.br\/index.php\/wp-json\/wp\/v2\/media?parent=5762"}],"wp:term":[{"taxonomy":"category","embeddable":true,"href":"https:\/\/comandogeraldanoticia.com.br\/index.php\/wp-json\/wp\/v2\/categories?post=5762"},{"taxonomy":"post_tag","embeddable":true,"href":"https:\/\/comandogeraldanoticia.com.br\/index.php\/wp-json\/wp\/v2\/tags?post=5762"}],"curies":[{"name":"wp","href":"https:\/\/api.w.org\/{rel}","templated":true}]}}