{"id":5756,"date":"2022-09-29T12:10:21","date_gmt":"2022-09-29T12:10:21","guid":{"rendered":"https:\/\/comandogeraldanoticia.com.br\/index.php\/2022\/09\/29\/cafes-produzidos-em-vicosa-estao-na-lista-das-marcas-proibidas-de-serem-vendidas-em-mg\/"},"modified":"2022-09-29T12:10:21","modified_gmt":"2022-09-29T12:10:21","slug":"cafes-produzidos-em-vicosa-estao-na-lista-das-marcas-proibidas-de-serem-vendidas-em-mg","status":"publish","type":"post","link":"https:\/\/comandogeraldanoticia.com.br\/index.php\/2022\/09\/29\/cafes-produzidos-em-vicosa-estao-na-lista-das-marcas-proibidas-de-serem-vendidas-em-mg\/","title":{"rendered":"Caf\u00e9s produzidos em Vi\u00e7osa est\u00e3o na lista das marcas proibidas de serem vendidas em MG"},"content":{"rendered":"<p>Por excesso de impurezas, quatro marcas de caf\u00e9 est\u00e3o proibidas de comercializar seus produtos<\/p>\n","protected":false},"excerpt":{"rendered":"<p>Por excesso de impurezas, quatro marcas de caf\u00e9 est\u00e3o proibidas de comercializar seus produtos<\/p>\n","protected":false},"author":1,"featured_media":5757,"comment_status":"open","ping_status":"open","sticky":false,"template":"","format":"standard","meta":{"om_disable_all_campaigns":false,"_monsterinsights_skip_tracking":false,"_monsterinsights_sitenote_active":false,"_monsterinsights_sitenote_note":"","_monsterinsights_sitenote_category":0,"footnotes":""},"categories":[51],"tags":[],"class_list":{"0":"post-5756","1":"post","2":"type-post","3":"status-publish","4":"format-standard","5":"has-post-thumbnail","7":"category-matas-de-sao-joao"},"_links":{"self":[{"href":"https:\/\/comandogeraldanoticia.com.br\/index.php\/wp-json\/wp\/v2\/posts\/5756","targetHints":{"allow":["GET"]}}],"collection":[{"href":"https:\/\/comandogeraldanoticia.com.br\/index.php\/wp-json\/wp\/v2\/posts"}],"about":[{"href":"https:\/\/comandogeraldanoticia.com.br\/index.php\/wp-json\/wp\/v2\/types\/post"}],"author":[{"embeddable":true,"href":"https:\/\/comandogeraldanoticia.com.br\/index.php\/wp-json\/wp\/v2\/users\/1"}],"replies":[{"embeddable":true,"href":"https:\/\/comandogeraldanoticia.com.br\/index.php\/wp-json\/wp\/v2\/comments?post=5756"}],"version-history":[{"count":0,"href":"https:\/\/comandogeraldanoticia.com.br\/index.php\/wp-json\/wp\/v2\/posts\/5756\/revisions"}],"wp:featuredmedia":[{"embeddable":true,"href":"https:\/\/comandogeraldanoticia.com.br\/index.php\/wp-json\/wp\/v2\/media\/5757"}],"wp:attachment":[{"href":"https:\/\/comandogeraldanoticia.com.br\/index.php\/wp-json\/wp\/v2\/media?parent=5756"}],"wp:term":[{"taxonomy":"category","embeddable":true,"href":"https:\/\/comandogeraldanoticia.com.br\/index.php\/wp-json\/wp\/v2\/categories?post=5756"},{"taxonomy":"post_tag","embeddable":true,"href":"https:\/\/comandogeraldanoticia.com.br\/index.php\/wp-json\/wp\/v2\/tags?post=5756"}],"curies":[{"name":"wp","href":"https:\/\/api.w.org\/{rel}","templated":true}]}}