{"id":55807,"date":"2024-02-16T17:39:42","date_gmt":"2024-02-16T17:39:42","guid":{"rendered":"https:\/\/comandogeraldanoticia.com.br\/?p=55807"},"modified":"2024-02-16T17:39:43","modified_gmt":"2024-02-16T17:39:43","slug":"pl-dispara-alerta-para-evitar-uso-de-recursos-publicos-em-ato-pro-bolsonaro","status":"publish","type":"post","link":"https:\/\/comandogeraldanoticia.com.br\/index.php\/2024\/02\/16\/pl-dispara-alerta-para-evitar-uso-de-recursos-publicos-em-ato-pro-bolsonaro\/","title":{"rendered":"PL dispara alerta para evitar uso de recursos p\u00fablicos em ato pr\u00f3-Bolsonaro"},"content":{"rendered":"\n<p>Determina\u00e7\u00e3o \u00e9 a de que viagens e deslocamentos n\u00e3o sejam custeados com recursos de fundo partid\u00e1rio ou verbas de gabinete<\/p>\n\n\n\n<p>O l\u00edder do PL na C\u00e2mara, deputado Altineu C\u00f4rtes, disparou a parlamentares e pol\u00edticos do partido um alerta para que n\u00e3o utilizem recursos p\u00fablicos para participar do ato em defesa do ex-presidente Jair Bolsonaro no pr\u00f3ximo dia 25, na Avenida Paulista.<\/p>\n\n\n\n<p>A determina\u00e7\u00e3o, disse ele \u00e0 CNN, \u00e9 para que as viagens e deslocamentos n\u00e3o sejam custeados nem com recursos do fundo partid\u00e1rio, nem com verbas de gabinete. \u201cAcho que todos sabem bem que n\u00e3o podem fazer uso de recursos p\u00fablicos para este ato, mas estamos lembrando de qualquer forma\u201d, disse C\u00f4rtes.<\/p>\n\n\n\n<p>O ato em apoio a Bolsonaro est\u00e1 sendo financiado pela Associa\u00e7\u00e3o Vit\u00f3ria em Cristo, ligada ao pastor Silas Malafaia.<\/p>\n\n\n\n<p>Fonte: CNN Brasil<\/p>\n","protected":false},"excerpt":{"rendered":"<p>Determina\u00e7\u00e3o \u00e9 a de que viagens e deslocamentos n\u00e3o sejam custeados com recursos de fundo partid\u00e1rio ou verbas de gabinete O l\u00edder do PL na C\u00e2mara, deputado Altineu C\u00f4rtes, disparou a parlamentares e pol\u00edticos do partido um alerta para que n\u00e3o utilizem recursos p\u00fablicos para participar do ato em defesa do ex-presidente Jair Bolsonaro no<\/p>\n","protected":false},"author":1,"featured_media":55811,"comment_status":"open","ping_status":"open","sticky":false,"template":"","format":"standard","meta":{"om_disable_all_campaigns":false,"_monsterinsights_skip_tracking":false,"_monsterinsights_sitenote_active":false,"_monsterinsights_sitenote_note":"","_monsterinsights_sitenote_category":0,"footnotes":""},"categories":[71],"tags":[],"class_list":{"0":"post-55807","1":"post","2":"type-post","3":"status-publish","4":"format-standard","5":"has-post-thumbnail","7":"category-politica"},"_links":{"self":[{"href":"https:\/\/comandogeraldanoticia.com.br\/index.php\/wp-json\/wp\/v2\/posts\/55807","targetHints":{"allow":["GET"]}}],"collection":[{"href":"https:\/\/comandogeraldanoticia.com.br\/index.php\/wp-json\/wp\/v2\/posts"}],"about":[{"href":"https:\/\/comandogeraldanoticia.com.br\/index.php\/wp-json\/wp\/v2\/types\/post"}],"author":[{"embeddable":true,"href":"https:\/\/comandogeraldanoticia.com.br\/index.php\/wp-json\/wp\/v2\/users\/1"}],"replies":[{"embeddable":true,"href":"https:\/\/comandogeraldanoticia.com.br\/index.php\/wp-json\/wp\/v2\/comments?post=55807"}],"version-history":[{"count":1,"href":"https:\/\/comandogeraldanoticia.com.br\/index.php\/wp-json\/wp\/v2\/posts\/55807\/revisions"}],"predecessor-version":[{"id":55812,"href":"https:\/\/comandogeraldanoticia.com.br\/index.php\/wp-json\/wp\/v2\/posts\/55807\/revisions\/55812"}],"wp:featuredmedia":[{"embeddable":true,"href":"https:\/\/comandogeraldanoticia.com.br\/index.php\/wp-json\/wp\/v2\/media\/55811"}],"wp:attachment":[{"href":"https:\/\/comandogeraldanoticia.com.br\/index.php\/wp-json\/wp\/v2\/media?parent=55807"}],"wp:term":[{"taxonomy":"category","embeddable":true,"href":"https:\/\/comandogeraldanoticia.com.br\/index.php\/wp-json\/wp\/v2\/categories?post=55807"},{"taxonomy":"post_tag","embeddable":true,"href":"https:\/\/comandogeraldanoticia.com.br\/index.php\/wp-json\/wp\/v2\/tags?post=55807"}],"curies":[{"name":"wp","href":"https:\/\/api.w.org\/{rel}","templated":true}]}}