{"id":55803,"date":"2024-02-16T17:32:47","date_gmt":"2024-02-16T17:32:47","guid":{"rendered":"https:\/\/comandogeraldanoticia.com.br\/?p=55803"},"modified":"2024-02-16T17:32:48","modified_gmt":"2024-02-16T17:32:48","slug":"chuvas-no-recife-prefeitura-suspende-aulas-nas-escolas-municipais","status":"publish","type":"post","link":"https:\/\/comandogeraldanoticia.com.br\/index.php\/2024\/02\/16\/chuvas-no-recife-prefeitura-suspende-aulas-nas-escolas-municipais\/","title":{"rendered":"Chuvas no Recife: Prefeitura suspende aulas nas escolas municipais"},"content":{"rendered":"\n<p>Capital est\u00e1 em estado de aten\u00e7\u00e3o devido \u00e0 precipita\u00e7\u00e3o acumulada<\/p>\n\n\n\n<p>A Prefeitura do Recife decidiu suspender as aulas das escolas municipais no turno da manh\u00e3 devido ao acumulado de chuvas na \u00faltimas horas. As aulas do turno da tarde ser\u00e3o reavaliadas ao longo da manh\u00e3.<\/p>\n\n\n\n<p>O Centro de Opera\u00e7\u00f5es (COP) recomenda ainda que servi\u00e7os n\u00e3o essenciais sejam realizados de forma remota. A previs\u00e3o do Instituto Nacional de Meteorologia (Inmet) \u00e9 que continue chovendo ao longo de todo o fim de semana.<\/p>\n\n\n\n<p>O Inmet emitiu alerta laranja de perigo de chuvas intensas para o norte do estado de Pernambuco. Na capital, est\u00e1 vigente o alerta amarelo de perigo potencial.<\/p>\n\n\n\n<p>O COP informa que a cidade encontra-se em Est\u00e1gio de Aten\u00e7\u00e3o, onde algumas situa\u00e7\u00f5es j\u00e1 alteram a rotina dos cidad\u00e3os, mas n\u00e3o h\u00e1 nenhuma ocorr\u00eancia de destaque.<\/p>\n\n\n\n<p>Em nota, a Defesa Civil Municipal disse que identificou alguns pontos de alagamento e possibilidade de deslizamentos.<\/p>\n\n\n\n<p>O \u00f3rg\u00e3o colocou a capital pernambucana em alerta a partir das 6h de hoje.<\/p>\n\n\n\n<p>Fonte: CNN Brasil<\/p>\n","protected":false},"excerpt":{"rendered":"<p>Capital est\u00e1 em estado de aten\u00e7\u00e3o devido \u00e0 precipita\u00e7\u00e3o acumulada A Prefeitura do Recife decidiu suspender as aulas das escolas municipais no turno da manh\u00e3 devido ao acumulado de chuvas na \u00faltimas horas. As aulas do turno da tarde ser\u00e3o reavaliadas ao longo da manh\u00e3. O Centro de Opera\u00e7\u00f5es (COP) recomenda ainda que servi\u00e7os n\u00e3o<\/p>\n","protected":false},"author":1,"featured_media":55805,"comment_status":"open","ping_status":"open","sticky":false,"template":"","format":"standard","meta":{"om_disable_all_campaigns":false,"_monsterinsights_skip_tracking":false,"_monsterinsights_sitenote_active":false,"_monsterinsights_sitenote_note":"","_monsterinsights_sitenote_category":0,"footnotes":""},"categories":[39],"tags":[],"class_list":{"0":"post-55803","1":"post","2":"type-post","3":"status-publish","4":"format-standard","5":"has-post-thumbnail","7":"category-brasil"},"_links":{"self":[{"href":"https:\/\/comandogeraldanoticia.com.br\/index.php\/wp-json\/wp\/v2\/posts\/55803","targetHints":{"allow":["GET"]}}],"collection":[{"href":"https:\/\/comandogeraldanoticia.com.br\/index.php\/wp-json\/wp\/v2\/posts"}],"about":[{"href":"https:\/\/comandogeraldanoticia.com.br\/index.php\/wp-json\/wp\/v2\/types\/post"}],"author":[{"embeddable":true,"href":"https:\/\/comandogeraldanoticia.com.br\/index.php\/wp-json\/wp\/v2\/users\/1"}],"replies":[{"embeddable":true,"href":"https:\/\/comandogeraldanoticia.com.br\/index.php\/wp-json\/wp\/v2\/comments?post=55803"}],"version-history":[{"count":1,"href":"https:\/\/comandogeraldanoticia.com.br\/index.php\/wp-json\/wp\/v2\/posts\/55803\/revisions"}],"predecessor-version":[{"id":55806,"href":"https:\/\/comandogeraldanoticia.com.br\/index.php\/wp-json\/wp\/v2\/posts\/55803\/revisions\/55806"}],"wp:featuredmedia":[{"embeddable":true,"href":"https:\/\/comandogeraldanoticia.com.br\/index.php\/wp-json\/wp\/v2\/media\/55805"}],"wp:attachment":[{"href":"https:\/\/comandogeraldanoticia.com.br\/index.php\/wp-json\/wp\/v2\/media?parent=55803"}],"wp:term":[{"taxonomy":"category","embeddable":true,"href":"https:\/\/comandogeraldanoticia.com.br\/index.php\/wp-json\/wp\/v2\/categories?post=55803"},{"taxonomy":"post_tag","embeddable":true,"href":"https:\/\/comandogeraldanoticia.com.br\/index.php\/wp-json\/wp\/v2\/tags?post=55803"}],"curies":[{"name":"wp","href":"https:\/\/api.w.org\/{rel}","templated":true}]}}