{"id":55791,"date":"2024-02-15T14:35:07","date_gmt":"2024-02-15T14:35:07","guid":{"rendered":"https:\/\/comandogeraldanoticia.com.br\/?p=55791"},"modified":"2024-02-15T14:35:08","modified_gmt":"2024-02-15T14:35:08","slug":"governo-de-sp-abre-consulta-publica-e-audiencia-para-privatizacao-da-sabesp","status":"publish","type":"post","link":"https:\/\/comandogeraldanoticia.com.br\/index.php\/2024\/02\/15\/governo-de-sp-abre-consulta-publica-e-audiencia-para-privatizacao-da-sabesp\/","title":{"rendered":"Governo de SP abre consulta p\u00fablica e audi\u00eancia para privatiza\u00e7\u00e3o da Sabesp"},"content":{"rendered":"\n<p>Consulta ficar\u00e1 aberta pelo per\u00edodo de 30 dias; a coleta de contribui\u00e7\u00f5es, tanto de pessoas f\u00edsicas quanto jur\u00eddicas, acontecer\u00e1 por meio eletr\u00f4nico<\/p>\n\n\n\n<p>O governo do estado de S\u00e3o Paulo comunicou em Di\u00e1rio Oficial nesta quinta-feira (15) a abertura de consulta p\u00fablica e audi\u00eancias para o processo de privatiza\u00e7\u00e3o da Sabesp, companhia de \u00e1gua e saneamento do estado.<\/p>\n\n\n\n<p>A consulta ficar\u00e1 aberta pelo per\u00edodo de 30 dias, at\u00e9 \u00e0s 18h de 15 de mar\u00e7o. A coleta de contribui\u00e7\u00f5es, tanto de pessoas f\u00edsicas quanto jur\u00eddicas, acontecer\u00e1 por meio eletr\u00f4nico.<\/p>\n\n\n\n<p>As contribui\u00e7\u00f5es servir\u00e3o para aprimorar o contrato de concess\u00e3o e seus anexos, bem como o Plano Regional de Saneamento B\u00e1sico \u2014 documentos relacionados \u00e0 presta\u00e7\u00e3o dos servi\u00e7os de saneamento pela Sabesp.<\/p>\n\n\n\n<p>Tamb\u00e9m ser\u00e1 alvo o regimento interno da inst\u00e2ncia de governan\u00e7a da Unidade Regional de Servi\u00e7os de Abastecimento de \u00c1gua Pot\u00e1vel e Esgotamento Sanit\u00e1rio.<\/p>\n\n\n\n<p>Ap\u00f3s o t\u00e9rmino do per\u00edodo de consulta, a Secretaria de Meio Ambiente, Infraestrutura e Log\u00edstica e a Secretaria de Parcerias em Investimentos analisar\u00e3o as contribui\u00e7\u00f5es e publicar\u00e3o um relat\u00f3rio consolidado sobre as informa\u00e7\u00f5es recebidas.<\/p>\n\n\n\n<p>\u201cInstrumento de transpar\u00eancia e participa\u00e7\u00e3o social, a Consulta P\u00fablica visa dar aos usu\u00e1rios dos servi\u00e7os p\u00fablicos regulados, agentes econ\u00f4micos e demais interessados no setor a oportunidade de manifestarem sua opini\u00e3o, assim como colher subs\u00eddios que proporcionem confiabilidade, clareza e seguran\u00e7a ao processo de tomada de decis\u00e3o da Administra\u00e7\u00e3o P\u00fablica\u201d, indicou o trecho do Di\u00e1rio.<\/p>\n\n\n\n<p>*Publicado por Danilo Moliterno.<\/p>\n\n\n\n<p>Fonte: CNN Brasil<\/p>\n","protected":false},"excerpt":{"rendered":"<p>Consulta ficar\u00e1 aberta pelo per\u00edodo de 30 dias; a coleta de contribui\u00e7\u00f5es, tanto de pessoas f\u00edsicas quanto jur\u00eddicas, acontecer\u00e1 por meio eletr\u00f4nico O governo do estado de S\u00e3o Paulo comunicou em Di\u00e1rio Oficial nesta quinta-feira (15) a abertura de consulta p\u00fablica e audi\u00eancias para o processo de privatiza\u00e7\u00e3o da Sabesp, companhia de \u00e1gua e saneamento<\/p>\n","protected":false},"author":1,"featured_media":55794,"comment_status":"open","ping_status":"open","sticky":false,"template":"","format":"standard","meta":{"om_disable_all_campaigns":false,"_monsterinsights_skip_tracking":false,"_monsterinsights_sitenote_active":false,"_monsterinsights_sitenote_note":"","_monsterinsights_sitenote_category":0,"footnotes":""},"categories":[43],"tags":[],"class_list":{"0":"post-55791","1":"post","2":"type-post","3":"status-publish","4":"format-standard","5":"has-post-thumbnail","7":"category-economia"},"_links":{"self":[{"href":"https:\/\/comandogeraldanoticia.com.br\/index.php\/wp-json\/wp\/v2\/posts\/55791","targetHints":{"allow":["GET"]}}],"collection":[{"href":"https:\/\/comandogeraldanoticia.com.br\/index.php\/wp-json\/wp\/v2\/posts"}],"about":[{"href":"https:\/\/comandogeraldanoticia.com.br\/index.php\/wp-json\/wp\/v2\/types\/post"}],"author":[{"embeddable":true,"href":"https:\/\/comandogeraldanoticia.com.br\/index.php\/wp-json\/wp\/v2\/users\/1"}],"replies":[{"embeddable":true,"href":"https:\/\/comandogeraldanoticia.com.br\/index.php\/wp-json\/wp\/v2\/comments?post=55791"}],"version-history":[{"count":1,"href":"https:\/\/comandogeraldanoticia.com.br\/index.php\/wp-json\/wp\/v2\/posts\/55791\/revisions"}],"predecessor-version":[{"id":55795,"href":"https:\/\/comandogeraldanoticia.com.br\/index.php\/wp-json\/wp\/v2\/posts\/55791\/revisions\/55795"}],"wp:featuredmedia":[{"embeddable":true,"href":"https:\/\/comandogeraldanoticia.com.br\/index.php\/wp-json\/wp\/v2\/media\/55794"}],"wp:attachment":[{"href":"https:\/\/comandogeraldanoticia.com.br\/index.php\/wp-json\/wp\/v2\/media?parent=55791"}],"wp:term":[{"taxonomy":"category","embeddable":true,"href":"https:\/\/comandogeraldanoticia.com.br\/index.php\/wp-json\/wp\/v2\/categories?post=55791"},{"taxonomy":"post_tag","embeddable":true,"href":"https:\/\/comandogeraldanoticia.com.br\/index.php\/wp-json\/wp\/v2\/tags?post=55791"}],"curies":[{"name":"wp","href":"https:\/\/api.w.org\/{rel}","templated":true}]}}