{"id":55782,"date":"2024-02-15T14:22:56","date_gmt":"2024-02-15T14:22:56","guid":{"rendered":"https:\/\/comandogeraldanoticia.com.br\/?p=55782"},"modified":"2024-02-15T14:22:57","modified_gmt":"2024-02-15T14:22:57","slug":"defesa-de-bolsonaro-alega-parcialidade-e-pede-afastamento-de-moraes-de-inquerito","status":"publish","type":"post","link":"https:\/\/comandogeraldanoticia.com.br\/index.php\/2024\/02\/15\/defesa-de-bolsonaro-alega-parcialidade-e-pede-afastamento-de-moraes-de-inquerito\/","title":{"rendered":"Defesa de Bolsonaro alega parcialidade e pede afastamento de Moraes de inqu\u00e9rito"},"content":{"rendered":"\n<p>Em pedido enviado ao STF, defesa do ex-presidente pede ainda anula\u00e7\u00e3o das decis\u00f5es do ministro relacionadas \u00e0 investiga\u00e7\u00e3o<\/p>\n\n\n\n<p>Empenhada em afastar o ministro Alexandre de Moraes da relatoria do inqu\u00e9rito que atinge Jair Bolsonaro e seus aliados, a defesa do ex-presidente Jair Bolsonaro argumenta que o ministro se declarou v\u00edtima do suposto plano golpista e, portanto, n\u00e3o deveria julgar fatos relacionados \u00e0 investiga\u00e7\u00e3o.<\/p>\n\n\n\n<p>O pedido para que Moraes seja declarado impedido foi apresentado ontem ao Supremo Tribunal Federal pelos advogados de Bolsonaro, como parte da estrat\u00e9gia para enfraquecer as acusa\u00e7\u00f5es contra o ex-presidente.<\/p>\n\n\n\n<p>Segundo a defesa do ex-presidente, Moraes aparece nos despachos que fundamentaram a\u00e7\u00f5es de busca e apreens\u00e3o e medidas cautelares como \u201cv\u00edtima central das supostas a\u00e7\u00f5es que estariam sendo objeto da investiga\u00e7\u00e3o\u201d. Os advogados pedem n\u00e3o s\u00f3 que Moraes seja afastado, como tamb\u00e9m requer que sejam declarados nulos todos os atos praticados por ele at\u00e9 o momento.<\/p>\n\n\n\n<p>\u201c\u00c9 bem de se ver, no entanto, que tanto o conte\u00fado da representa\u00e7\u00e3o quanto a r. decis\u00e3o revelam, de maneira indubit\u00e1vel, uma narrativa que coloca o Ministro Relator no papel de v\u00edtima central das supostas a\u00e7\u00f5es que estariam sendo objeto da investiga\u00e7\u00e3o, destacando diversos planos de a\u00e7\u00e3o que visavam diretamente sua pessoa\u201d, diz o texto.<\/p>\n\n\n\n<p>A ideia de que Moraes seria parte interessada na investiga\u00e7\u00e3o j\u00e1 havia sido levantada nos bastidores por aliados de Bolsonaro desde o dia da opera\u00e7\u00e3o. O pedido da defesa toma por base trechos dos despachos que apontam, por exemplo, o suposto plano para prender Moraes e o tamb\u00e9m ministro do Supremo Gilmar Mendes.<\/p>\n\n\n\n<p>No pedido, os advogados alegam que a decis\u00e3o que embasou a a\u00e7\u00e3o cont\u00e9m mais de 20 men\u00e7\u00f5es ao relator \u201cdelineando um contexto que torna evidente e fortemente questionada a sua imparcialidade objetiva e subjetiva para decidir nestes autos, dada sua posi\u00e7\u00e3o de v\u00edtima\u201d.<\/p>\n\n\n\n<p>O pedido foi protocolado ontem pelos advogados de Bolsonaro, mesma data em que foi solicitada a devolu\u00e7\u00e3o do passaporte do ex-presidente, retido como parte de um conjunto de medidas preventivas da opera\u00e7\u00e3o, como adiantou a CNN.<\/p>\n\n\n\n<p>A defesa cita tamb\u00e9m o pedido de pris\u00e3o contra Marcelo C\u00e2mara, ajudante de ordens de Bolsonaro, como um dos elementos que ajudam a sustentar a tese de suspei\u00e7\u00e3o do ministro. C\u00e2mara \u00e9 apontado como ator de a\u00e7\u00f5es de monitoramento ilegal \u201cPor palavras breves, o e. Ministro Relator determinou a pris\u00e3o de quem supostamente lhe inflige receio pessoal, ou seja, assumiu, a um s\u00f3 tempo, a condi\u00e7\u00e3o de v\u00edtima e de julgador.<\/p>\n\n\n\n<p>Procurados, o STF e o ministro Alexandre de Moraes informaram \u00e0 CNN que n\u00e3o ir\u00e3o se manifestar a respeito do pedido da defesa de Bolsonaro.<\/p>\n\n\n\n<p>STF j\u00e1 foi favor\u00e1vel a Moraes anteriormente<br>O plen\u00e1rio do STF j\u00e1 decidiu que n\u00e3o existe impedimento ou suspei\u00e7\u00e3o do ministro Alexandre de Moraes, o que j\u00e1 foi apontado por diversos suspeitos ou r\u00e9us.<\/p>\n\n\n\n<p>O CPP (C\u00f3digo de Processo Penal) afasta qualquer suspei\u00e7\u00e3o ou impedimento quando as amea\u00e7as ou coa\u00e7\u00f5es s\u00e3o feitas ao juiz que j\u00e1 conduz o inqu\u00e9rito ou processo.<\/p>\n\n\n\n<p>O plen\u00e1rio do STF j\u00e1 decidiu que o ministro Alexandre de Moraes seguir\u00e1 relator de todas as investiga\u00e7\u00f5es e processos relacionados aos atos antidemocr\u00e1ticos do dia 8\/1.<\/p>\n\n\n\n<p>Isso porque na ocasi\u00e3o das a\u00e7\u00f5es sobre o dia 8, a suspei\u00e7\u00e3o foi uma preliminar discutida. Mas esse novo pedido ser\u00e1 analisado pelo presidente.<\/p>\n\n\n\n<p>Fonte: CNN Brasil<\/p>\n","protected":false},"excerpt":{"rendered":"<p>Em pedido enviado ao STF, defesa do ex-presidente pede ainda anula\u00e7\u00e3o das decis\u00f5es do ministro relacionadas \u00e0 investiga\u00e7\u00e3o Empenhada em afastar o ministro Alexandre de Moraes da relatoria do inqu\u00e9rito que atinge Jair Bolsonaro e seus aliados, a defesa do ex-presidente Jair Bolsonaro argumenta que o ministro se declarou v\u00edtima do suposto plano golpista e,<\/p>\n","protected":false},"author":1,"featured_media":55784,"comment_status":"open","ping_status":"open","sticky":false,"template":"","format":"standard","meta":{"om_disable_all_campaigns":false,"_monsterinsights_skip_tracking":false,"_monsterinsights_sitenote_active":false,"_monsterinsights_sitenote_note":"","_monsterinsights_sitenote_category":0,"footnotes":""},"categories":[71],"tags":[],"class_list":{"0":"post-55782","1":"post","2":"type-post","3":"status-publish","4":"format-standard","5":"has-post-thumbnail","7":"category-politica"},"_links":{"self":[{"href":"https:\/\/comandogeraldanoticia.com.br\/index.php\/wp-json\/wp\/v2\/posts\/55782","targetHints":{"allow":["GET"]}}],"collection":[{"href":"https:\/\/comandogeraldanoticia.com.br\/index.php\/wp-json\/wp\/v2\/posts"}],"about":[{"href":"https:\/\/comandogeraldanoticia.com.br\/index.php\/wp-json\/wp\/v2\/types\/post"}],"author":[{"embeddable":true,"href":"https:\/\/comandogeraldanoticia.com.br\/index.php\/wp-json\/wp\/v2\/users\/1"}],"replies":[{"embeddable":true,"href":"https:\/\/comandogeraldanoticia.com.br\/index.php\/wp-json\/wp\/v2\/comments?post=55782"}],"version-history":[{"count":1,"href":"https:\/\/comandogeraldanoticia.com.br\/index.php\/wp-json\/wp\/v2\/posts\/55782\/revisions"}],"predecessor-version":[{"id":55785,"href":"https:\/\/comandogeraldanoticia.com.br\/index.php\/wp-json\/wp\/v2\/posts\/55782\/revisions\/55785"}],"wp:featuredmedia":[{"embeddable":true,"href":"https:\/\/comandogeraldanoticia.com.br\/index.php\/wp-json\/wp\/v2\/media\/55784"}],"wp:attachment":[{"href":"https:\/\/comandogeraldanoticia.com.br\/index.php\/wp-json\/wp\/v2\/media?parent=55782"}],"wp:term":[{"taxonomy":"category","embeddable":true,"href":"https:\/\/comandogeraldanoticia.com.br\/index.php\/wp-json\/wp\/v2\/categories?post=55782"},{"taxonomy":"post_tag","embeddable":true,"href":"https:\/\/comandogeraldanoticia.com.br\/index.php\/wp-json\/wp\/v2\/tags?post=55782"}],"curies":[{"name":"wp","href":"https:\/\/api.w.org\/{rel}","templated":true}]}}