{"id":55776,"date":"2024-02-13T11:22:51","date_gmt":"2024-02-13T11:22:51","guid":{"rendered":"https:\/\/comandogeraldanoticia.com.br\/?p=55776"},"modified":"2024-02-13T11:22:52","modified_gmt":"2024-02-13T11:22:52","slug":"casos-de-covid-19-crescem-140-em-sao-paulo-aponta-levantamento","status":"publish","type":"post","link":"https:\/\/comandogeraldanoticia.com.br\/index.php\/2024\/02\/13\/casos-de-covid-19-crescem-140-em-sao-paulo-aponta-levantamento\/","title":{"rendered":"Casos de Covid-19 crescem 140% em S\u00e3o Paulo, aponta levantamento"},"content":{"rendered":"\n<p>Positividade em exames sobre a doen\u00e7a tem maior alta desde outubro de 2023, segundo a Associa\u00e7\u00e3o Brasileira de Medicina Diagn\u00f3stica (Abramed)<\/p>\n\n\n\n<p>A cidade de S\u00e3o Paulo registrou um aumento de 140% no n\u00famero de casos positivos de Covid-19, de acordo com a plataforma Info Tracker, desenvolvida por pesquisadores da Universidade de S\u00e3o Paulo (USP) e da Universidade Federal de S\u00e3o Paulo (Unifesp).<\/p>\n\n\n\n<p>A an\u00e1lise, com base nos dados da Prefeitura de S\u00e3o Paulo, mostra que a m\u00e9dia m\u00f3vel semanal de casos de Covid na capital saltou de 168, em 21 de janeiro, para 404, no \u00faltimo dia 4. O crescimento no n\u00famero de casos pode ser explicado pelas festas de fim de ano e a chegada do Carnaval, somadas \u00e0s novas subvariantes do v\u00edrus.<\/p>\n\n\n\n<p>Apesar do aumento de casos, para os especialistas, os impactos n\u00e3o ser\u00e3o na mesma propor\u00e7\u00e3o em interna\u00e7\u00f5es e \u00f3bitos pela doen\u00e7a. \u201cEssa nova onda n\u00e3o \u00e9 uma onda t\u00e3o agressiva como aquelas que a gente observava em 2020 e 2021, j\u00e1 que temos uma cobertura vacinal bastante ampla e elevada para as diferentes categorias\u201d, afirma Wallace Casaca, coordenador da plataforma.<\/p>\n\n\n\n<p>Na compara\u00e7\u00e3o com a semana do dia 12 de dezembro, o aumento \u00e9 de 344%. De acordo com a Associa\u00e7\u00e3o Brasileira de Medicina Diagn\u00f3stica (Abramed), a positividade em exames de Covid-19 tamb\u00e9m cresceu.<\/p>\n\n\n\n<p>A positividade de exames da doen\u00e7a realizados na rede privada na semana de 21 a 27 de janeiro de 2024 chegou a 26%. Essa \u00e9 a maior alta desde a semana de 28 de outubro a 3 de novembro de 2023, quando foi de 28,2%.<\/p>\n\n\n\n<p>A semana de 21 a 27 de janeiro de 2024 registrou 8.143 exames, com 2.142 casos positivos, enquanto a semana de 28 de outubro a 3 de novembro de 2023 chegou a 15.166 exames, com 4.269 casos positivos.<\/p>\n\n\n\n<p>O n\u00famero de testes positivos est\u00e1 mais alto no in\u00edcio de 2024 do que estava no in\u00edcio de 2023, segundo Bruno Santos, coordenador de Intelig\u00eancia de Mercado da Abramed. Na quarta semana de janeiro de 2023, foram realizados 14.745 exames, com 13% de positividade.<\/p>\n\n\n\n<p>J\u00e1 na quarta semana de janeiro de 2024, foram realizados 8.143 exames, com 26% de positividade. A t\u00edtulo de compara\u00e7\u00e3o, na quarta semana de janeiro de 2022, foram realizados 330.025 exames, com 59% de positividade.<\/p>\n\n\n\n<p>Fonte: CNN Brasil<\/p>\n","protected":false},"excerpt":{"rendered":"<p>Positividade em exames sobre a doen\u00e7a tem maior alta desde outubro de 2023, segundo a Associa\u00e7\u00e3o Brasileira de Medicina Diagn\u00f3stica (Abramed) A cidade de S\u00e3o Paulo registrou um aumento de 140% no n\u00famero de casos positivos de Covid-19, de acordo com a plataforma Info Tracker, desenvolvida por pesquisadores da Universidade de S\u00e3o Paulo (USP) e<\/p>\n","protected":false},"author":1,"featured_media":55779,"comment_status":"open","ping_status":"open","sticky":false,"template":"","format":"standard","meta":{"om_disable_all_campaigns":false,"_monsterinsights_skip_tracking":false,"_monsterinsights_sitenote_active":false,"_monsterinsights_sitenote_note":"","_monsterinsights_sitenote_category":0,"footnotes":""},"categories":[39],"tags":[],"class_list":{"0":"post-55776","1":"post","2":"type-post","3":"status-publish","4":"format-standard","5":"has-post-thumbnail","7":"category-brasil"},"_links":{"self":[{"href":"https:\/\/comandogeraldanoticia.com.br\/index.php\/wp-json\/wp\/v2\/posts\/55776","targetHints":{"allow":["GET"]}}],"collection":[{"href":"https:\/\/comandogeraldanoticia.com.br\/index.php\/wp-json\/wp\/v2\/posts"}],"about":[{"href":"https:\/\/comandogeraldanoticia.com.br\/index.php\/wp-json\/wp\/v2\/types\/post"}],"author":[{"embeddable":true,"href":"https:\/\/comandogeraldanoticia.com.br\/index.php\/wp-json\/wp\/v2\/users\/1"}],"replies":[{"embeddable":true,"href":"https:\/\/comandogeraldanoticia.com.br\/index.php\/wp-json\/wp\/v2\/comments?post=55776"}],"version-history":[{"count":1,"href":"https:\/\/comandogeraldanoticia.com.br\/index.php\/wp-json\/wp\/v2\/posts\/55776\/revisions"}],"predecessor-version":[{"id":55780,"href":"https:\/\/comandogeraldanoticia.com.br\/index.php\/wp-json\/wp\/v2\/posts\/55776\/revisions\/55780"}],"wp:featuredmedia":[{"embeddable":true,"href":"https:\/\/comandogeraldanoticia.com.br\/index.php\/wp-json\/wp\/v2\/media\/55779"}],"wp:attachment":[{"href":"https:\/\/comandogeraldanoticia.com.br\/index.php\/wp-json\/wp\/v2\/media?parent=55776"}],"wp:term":[{"taxonomy":"category","embeddable":true,"href":"https:\/\/comandogeraldanoticia.com.br\/index.php\/wp-json\/wp\/v2\/categories?post=55776"},{"taxonomy":"post_tag","embeddable":true,"href":"https:\/\/comandogeraldanoticia.com.br\/index.php\/wp-json\/wp\/v2\/tags?post=55776"}],"curies":[{"name":"wp","href":"https:\/\/api.w.org\/{rel}","templated":true}]}}