{"id":55767,"date":"2024-02-13T11:17:38","date_gmt":"2024-02-13T11:17:38","guid":{"rendered":"https:\/\/comandogeraldanoticia.com.br\/?p=55767"},"modified":"2024-02-13T11:17:39","modified_gmt":"2024-02-13T11:17:39","slug":"saiba-quem-sao-os-pre-candidatos-a-presidencia-da-camara-em-2025","status":"publish","type":"post","link":"https:\/\/comandogeraldanoticia.com.br\/index.php\/2024\/02\/13\/saiba-quem-sao-os-pre-candidatos-a-presidencia-da-camara-em-2025\/","title":{"rendered":"Saiba quem s\u00e3o os pr\u00e9-candidatos \u00e0 Presid\u00eancia da C\u00e2mara em 2025"},"content":{"rendered":"\n<p>Sucess\u00e3o de Arthur Lira \u00e9 tema de discuss\u00e3o entre a base aliada do presidente Luiz In\u00e1cio Lula da Silva (PT) e oposicionistas<\/p>\n\n\n\n<p>A elei\u00e7\u00e3o para a sucess\u00e3o do presidente da C\u00e2mara dos Deputados, Arthur Lira (PP-AL), acontecer\u00e1 no come\u00e7o de 2025. Um ano antes, no entanto, a disputa entre os candidatos come\u00e7a a se consolidar.<\/p>\n\n\n\n<p>O escolhido de Lira para o cargo \u00e9 o deputado Elmar Nascimento (Uni\u00e3o Brasil-BA). Entretanto, parte da base governista considera que sua candidatura pode n\u00e3o decolar.<\/p>\n\n\n\n<p>A partir disso, surge o nome do atual vice-presidente da Casa, deputado Marcos Pereira (Republicanos), que pode buscar se aliar ao presidente Luiz In\u00e1cio Lula da Silva (PT) para conseguir ser al\u00e7ado.<\/p>\n\n\n\n<p>A oposi\u00e7\u00e3o pretende lan\u00e7ar o deputado Altin\u00eau Cortes (PL-RJ), l\u00edder do PL, para a disputa.<\/p>\n\n\n\n<p>A CNN apresenta, a seguir, quem s\u00e3o os postulantes ao cargo, que tem import\u00e2ncia por nomear o terceiro na linha de sucess\u00e3o da Presid\u00eancia da Rep\u00fablica.<\/p>\n\n\n\n<p>Elmar Nascimento<\/p>\n\n\n\n<p>Elmar Jos\u00e9 Vieira Nascimento nasceu em 6 de julho de 1970 em Campo Formoso, no estado da Bahia. \u00c9 filho de Jos\u00e9 Aluizio Nascimento e Maria Anita Vieira Nascimento.<\/p>\n\n\n\n<p>\u00c9 formado em Direito pela Universidade Cat\u00f3lica do Salvador, em 1992.<\/p>\n\n\n\n<p>Em sua cidade natal, foi eleito vereador pelo ent\u00e3o PMDB, em 1996. Foi reeleito em 2000, mas n\u00e3o chegou a completar o mandato ap\u00f3s renunciar para assumir como deputado estadual, em 2003.<\/p>\n\n\n\n<p>Pelo PL, foi reeleito para a Assembleia Legislativa da Bahia (ALBA), permanecendo no cargo at\u00e9 2015. No mesmo ano, foi para Bras\u00edlia e tomou posse como deputado federal j\u00e1 pelo ent\u00e3o Democratas. Foi reeleito em 2018 e em 2022, agora pelo Uni\u00e3o Brasil.<\/p>\n\n\n\n<p>Marcos Pereira<\/p>\n\n\n\n<p>Marcos Antonio Pereira nasceu em 4 de abril de 1972 em Linhares, no Esp\u00edrito Santo.<\/p>\n\n\n\n<p>Pereira n\u00e3o conheceu sua m\u00e3e biol\u00f3gica, que o entregou assim que nasceu. Quando tinha cinco anos, o casal que lhe adotou se separou e, assim, cresceu com a av\u00f3 paterna adotiva.<\/p>\n\n\n\n<p>\u00c9 advogado e mestre em Direito Constitucional pelo Instituto Brasileiro de Ensino Desenvolvimento e Pesquisa (IDP).<\/p>\n\n\n\n<p>Em 1995, se tornou diretor administrativo e financeiro da TV Record no Rio de Janeiro, permanecendo no posto at\u00e9 1999, quando foi para a Rede Mulher de Televis\u00e3o. Em 2003, assumiu a vice-presid\u00eancia da Record.<\/p>\n\n\n\n<p>A partir de 2011, foi eleito presidente nacional do Republicanos. Em maio de 2016, no governo de Michel Temer (MDB), assumiu o Minist\u00e9rio da Ind\u00fastria, Comercio Exterior e Servi\u00e7os.<\/p>\n\n\n\n<p>Foi eleito deputado federal em 2018 e reeleito em 2022. No ano passado, assumiu a vice-presid\u00eancia da C\u00e2mara.<\/p>\n\n\n\n<p>Altineu C\u00f4rtes<\/p>\n\n\n\n<p>Altineu C\u00f4rtes Freitas Coutinho nasceu em 19 de setembro de 1968, em Niter\u00f3i, no Rio de Janeiro. \u00c9 filho de Altineu C\u00f4rtes Coutinho e Angela Maria Freitas Coutinho.<\/p>\n\n\n\n<p>Sua trajet\u00f3ria pol\u00edtica come\u00e7ou em 2002, quando foi eleito deputado estadual pelo PMDB. Em 2006, chegou para o segundo mandato e em 2010, j\u00e1 pelo ent\u00e3o PR \u2014 hoje PL \u2014 esteve no terceiro mandato.<\/p>\n\n\n\n<p>Em 2004, assumiu a Secretaria Estadual da Inf\u00e2ncia e Juventude, no governo de Rosinha Garotinho.<\/p>\n\n\n\n<p>Desde 2015 \u00e9 deputado federal. No ano de 2022, assumiu a lideran\u00e7a do PL na C\u00e2mara, partido do ent\u00e3o presidente Jair Bolsonaro.<\/p>\n\n\n\n<p>Fonte: CNN Brasil<\/p>\n","protected":false},"excerpt":{"rendered":"<p>Sucess\u00e3o de Arthur Lira \u00e9 tema de discuss\u00e3o entre a base aliada do presidente Luiz In\u00e1cio Lula da Silva (PT) e oposicionistas A elei\u00e7\u00e3o para a sucess\u00e3o do presidente da C\u00e2mara dos Deputados, Arthur Lira (PP-AL), acontecer\u00e1 no come\u00e7o de 2025. Um ano antes, no entanto, a disputa entre os candidatos come\u00e7a a se consolidar.<\/p>\n","protected":false},"author":1,"featured_media":55769,"comment_status":"open","ping_status":"open","sticky":false,"template":"","format":"standard","meta":{"om_disable_all_campaigns":false,"_monsterinsights_skip_tracking":false,"_monsterinsights_sitenote_active":false,"_monsterinsights_sitenote_note":"","_monsterinsights_sitenote_category":0,"footnotes":""},"categories":[71],"tags":[],"class_list":{"0":"post-55767","1":"post","2":"type-post","3":"status-publish","4":"format-standard","5":"has-post-thumbnail","7":"category-politica"},"_links":{"self":[{"href":"https:\/\/comandogeraldanoticia.com.br\/index.php\/wp-json\/wp\/v2\/posts\/55767","targetHints":{"allow":["GET"]}}],"collection":[{"href":"https:\/\/comandogeraldanoticia.com.br\/index.php\/wp-json\/wp\/v2\/posts"}],"about":[{"href":"https:\/\/comandogeraldanoticia.com.br\/index.php\/wp-json\/wp\/v2\/types\/post"}],"author":[{"embeddable":true,"href":"https:\/\/comandogeraldanoticia.com.br\/index.php\/wp-json\/wp\/v2\/users\/1"}],"replies":[{"embeddable":true,"href":"https:\/\/comandogeraldanoticia.com.br\/index.php\/wp-json\/wp\/v2\/comments?post=55767"}],"version-history":[{"count":1,"href":"https:\/\/comandogeraldanoticia.com.br\/index.php\/wp-json\/wp\/v2\/posts\/55767\/revisions"}],"predecessor-version":[{"id":55770,"href":"https:\/\/comandogeraldanoticia.com.br\/index.php\/wp-json\/wp\/v2\/posts\/55767\/revisions\/55770"}],"wp:featuredmedia":[{"embeddable":true,"href":"https:\/\/comandogeraldanoticia.com.br\/index.php\/wp-json\/wp\/v2\/media\/55769"}],"wp:attachment":[{"href":"https:\/\/comandogeraldanoticia.com.br\/index.php\/wp-json\/wp\/v2\/media?parent=55767"}],"wp:term":[{"taxonomy":"category","embeddable":true,"href":"https:\/\/comandogeraldanoticia.com.br\/index.php\/wp-json\/wp\/v2\/categories?post=55767"},{"taxonomy":"post_tag","embeddable":true,"href":"https:\/\/comandogeraldanoticia.com.br\/index.php\/wp-json\/wp\/v2\/tags?post=55767"}],"curies":[{"name":"wp","href":"https:\/\/api.w.org\/{rel}","templated":true}]}}