{"id":55755,"date":"2024-02-12T17:40:06","date_gmt":"2024-02-12T17:40:06","guid":{"rendered":"https:\/\/comandogeraldanoticia.com.br\/?p=55755"},"modified":"2024-02-12T17:40:07","modified_gmt":"2024-02-12T17:40:07","slug":"carnaval-capitais-utilizam-reconhecimento-facial-para-procurar-foragidos-nas-festas","status":"publish","type":"post","link":"https:\/\/comandogeraldanoticia.com.br\/index.php\/2024\/02\/12\/carnaval-capitais-utilizam-reconhecimento-facial-para-procurar-foragidos-nas-festas\/","title":{"rendered":"Carnaval: capitais utilizam reconhecimento facial para procurar foragidos nas festas"},"content":{"rendered":"\n<p>Tecnologia est\u00e1 sendo adotada em cidades como Rio de Janeiro, Recife, Belo Horizonte e Salvador<\/p>\n\n\n\n<p>Capitais de diversos estados brasileiros est\u00e3o utilizando sistemas de monitoramento de v\u00eddeo com monitoramento facial para tentar encontrar foragidos da Justi\u00e7a durante o Carnaval.<\/p>\n\n\n\n<p>A tecnologia est\u00e1 sendo adotada em cidades como Rio de Janeiro, Recife, Belo Horizonte e Salvador.<\/p>\n\n\n\n<p>A ferramenta faz um cruzamento das imagens captadas pelas c\u00e2meras com os bancos de dados das pol\u00edcias. Quando h\u00e1 identifica\u00e7\u00e3o de um foragido, as equipes de campo s\u00e3o avisadas para fazer a abordagem.<\/p>\n\n\n\n<p>No Rio de Janeiro, o sistema come\u00e7ou a ser testado durante o R\u00e9veillon de 2023 e agora est\u00e1 sendo usado durante o Carnaval. Al\u00e9m da tecnologia, o governo anunciou refor\u00e7o de 5% no efetivo policial designado para atuar em festas e desfiles.<\/p>\n\n\n\n<p>No Recife, a pol\u00edcia ir\u00e1 utilizar drones equipados com c\u00e2meras t\u00e9rmicas, al\u00e9m de c\u00e2meras acopladas nos uniformes dos agentes de seguran\u00e7a. Segundo a Secretaria de Defesa Social de Pernambuco, as c\u00e2meras de reconhecimento facial s\u00e3o integradas com o sistema do Banco Nacional de Mandados de Pris\u00e3o, que possui as fotografias de pessoas que est\u00e3o com mandados de pris\u00e3o em aberto.<\/p>\n\n\n\n<p>Segundo a pasta, um homem de 46 anos foi preso na manh\u00e3 do \u00faltimo s\u00e1bado (10) ap\u00f3s ter sido reconhecido pelas c\u00e2meras. Ele era foragido da Justi\u00e7a.<\/p>\n\n\n\n<p>Na capital mineira, o sistema de reconhecimento facial est\u00e1 sendo usado em fase de testes no Carnaval e, segundo o governo de Minas Gerais, o objetivo \u00e9 adot\u00e1-lo como parte das ferramentas de seguran\u00e7a no estado.<\/p>\n\n\n\n<p>Em Salvador, a tecnologia j\u00e1 \u00e9 utilizada desde 2019. Segundo a Secretaria da Seguran\u00e7a P\u00fablica da Bahia, somente no s\u00e1bado as c\u00e2meras registraram a presen\u00e7a de 2 milh\u00f5es de pessoas nos tr\u00eas circuitos do Carnaval da capital baiana.<\/p>\n\n\n\n<p>At\u00e9 a madrugada de domingo, a pol\u00edcia da Bahia havia prendido 14 pessoas foragidas que estavam curtindo o Carnaval de Salvador. Segundo a secretaria, essas pessoas a respondem a processos por homic\u00eddio, tr\u00e1fico de drogas, roubo e d\u00edvida com pens\u00e3o aliment\u00edcia.<\/p>\n\n\n\n<ul class=\"wp-block-list\">\n<li>Sob supervis\u00e3o<\/li>\n<\/ul>\n\n\n\n<p>Fonte: CNN Brasil<\/p>\n","protected":false},"excerpt":{"rendered":"<p>Tecnologia est\u00e1 sendo adotada em cidades como Rio de Janeiro, Recife, Belo Horizonte e Salvador Capitais de diversos estados brasileiros est\u00e3o utilizando sistemas de monitoramento de v\u00eddeo com monitoramento facial para tentar encontrar foragidos da Justi\u00e7a durante o Carnaval. A tecnologia est\u00e1 sendo adotada em cidades como Rio de Janeiro, Recife, Belo Horizonte e Salvador.<\/p>\n","protected":false},"author":1,"featured_media":55759,"comment_status":"open","ping_status":"open","sticky":false,"template":"","format":"standard","meta":{"om_disable_all_campaigns":false,"_monsterinsights_skip_tracking":false,"_monsterinsights_sitenote_active":false,"_monsterinsights_sitenote_note":"","_monsterinsights_sitenote_category":0,"footnotes":""},"categories":[39],"tags":[],"class_list":{"0":"post-55755","1":"post","2":"type-post","3":"status-publish","4":"format-standard","5":"has-post-thumbnail","7":"category-brasil"},"_links":{"self":[{"href":"https:\/\/comandogeraldanoticia.com.br\/index.php\/wp-json\/wp\/v2\/posts\/55755","targetHints":{"allow":["GET"]}}],"collection":[{"href":"https:\/\/comandogeraldanoticia.com.br\/index.php\/wp-json\/wp\/v2\/posts"}],"about":[{"href":"https:\/\/comandogeraldanoticia.com.br\/index.php\/wp-json\/wp\/v2\/types\/post"}],"author":[{"embeddable":true,"href":"https:\/\/comandogeraldanoticia.com.br\/index.php\/wp-json\/wp\/v2\/users\/1"}],"replies":[{"embeddable":true,"href":"https:\/\/comandogeraldanoticia.com.br\/index.php\/wp-json\/wp\/v2\/comments?post=55755"}],"version-history":[{"count":1,"href":"https:\/\/comandogeraldanoticia.com.br\/index.php\/wp-json\/wp\/v2\/posts\/55755\/revisions"}],"predecessor-version":[{"id":55760,"href":"https:\/\/comandogeraldanoticia.com.br\/index.php\/wp-json\/wp\/v2\/posts\/55755\/revisions\/55760"}],"wp:featuredmedia":[{"embeddable":true,"href":"https:\/\/comandogeraldanoticia.com.br\/index.php\/wp-json\/wp\/v2\/media\/55759"}],"wp:attachment":[{"href":"https:\/\/comandogeraldanoticia.com.br\/index.php\/wp-json\/wp\/v2\/media?parent=55755"}],"wp:term":[{"taxonomy":"category","embeddable":true,"href":"https:\/\/comandogeraldanoticia.com.br\/index.php\/wp-json\/wp\/v2\/categories?post=55755"},{"taxonomy":"post_tag","embeddable":true,"href":"https:\/\/comandogeraldanoticia.com.br\/index.php\/wp-json\/wp\/v2\/tags?post=55755"}],"curies":[{"name":"wp","href":"https:\/\/api.w.org\/{rel}","templated":true}]}}