{"id":55750,"date":"2024-02-12T17:37:10","date_gmt":"2024-02-12T17:37:10","guid":{"rendered":"https:\/\/comandogeraldanoticia.com.br\/?p=55750"},"modified":"2024-02-12T17:37:10","modified_gmt":"2024-02-12T17:37:10","slug":"lista-de-setores-liberados-para-trabalhar-em-feriados-deve-ter-cerca-de-200-atividades-veja-quais","status":"publish","type":"post","link":"https:\/\/comandogeraldanoticia.com.br\/index.php\/2024\/02\/12\/lista-de-setores-liberados-para-trabalhar-em-feriados-deve-ter-cerca-de-200-atividades-veja-quais\/","title":{"rendered":"Lista de setores liberados para trabalhar em feriados deve ter cerca de 200 atividades; veja quais"},"content":{"rendered":"\n<p>Encontro entre setores, governo e trabalhadores para bater o martelo sobre lista acontecer\u00e1 ap\u00f3s carnaval<\/p>\n\n\n\n<p>Uma reuni\u00e3o tripartiteentre o Minist\u00e9rio do Trabalho, setores da economia e entidades de trabalhadores vai definir neste m\u00eas as atividades com trabalho permitido em feriados, sem necessidade de fechar conven\u00e7\u00e3o com os sindicatos. A expectativa \u00e9 de que a lista traga cerca de 200 setores.<\/p>\n\n\n\n<p>\u201cVamos ter uma reuni\u00e3o preparat\u00f3ria agora, e depois do Carnaval teremos uma reuni\u00e3o tripartite para equacionar esta quest\u00e3o\u201d, disse Ivo Dall\u2019Acqua J\u00fanior, diretor da Confedera\u00e7\u00e3o Nacional do Com\u00e9rcio de Bens, Servi\u00e7os e Turismo (CNC) que representa os setores na negocia\u00e7\u00e3o.<\/p>\n\n\n\n<p>O encontro deve acontecer no dia 21 deste m\u00eas, segundo Dall\u2019Acqua J\u00fanior, que tamb\u00e9m \u00e9 presidente-executivo da Fecom\u00e9rcio-SP. Ele destaca que a discuss\u00e3o n\u00e3o est\u00e1 relacionada ao trabalho aos domingos.<\/p>\n\n\n\n<p>Em novembro de 2023, o ministro Luiz Marinho revogou portaria da gest\u00e3o anterior e estabeleceu que para trabalhar em feriados os setores precisariam acordar termos em conven\u00e7\u00e3o coletiva.<\/p>\n\n\n\n<p>Dias mais tarde \u2014 quando a C\u00e2mara aprovava urg\u00eancia de projeto para derrubar as altera\u00e7\u00f5es \u2014 ele suspendeu a mudan\u00e7a e criou o grupo tripartite.<\/p>\n\n\n\n<p>Dall\u2019Acqua J\u00fanior adiantou \u00e0 CNN parte dos setores que devem compor a lista de setores, a ser publicada pelo governo, que ter\u00e3o flexibilidade para trabalhar nos feriados sem conven\u00e7\u00e3o. Confira:<\/p>\n\n\n\n<p>Hot\u00e9is<br>Restaurantes<br>Lanchonetes<br>Caf\u00e9s<br>Farm\u00e1cias<br>Postos de gasolina<br>Locadoras de ve\u00edculos<br>Locadoras de bicicletas<br>Locadoras de materiais esportivos<br>Confeitarias<br>Leiterias<br>Sorveterias<br>Ag\u00eancias de viagem<br>Exposi\u00e7\u00f5es<br>Estabelecimentos esportivos<br>Sal\u00f5es de beleza<br>Floriculturas<br>Funer\u00e1rias<br>Servi\u00e7os de propaganda<br>Portarias de edif\u00edcios<br>Segundo o diretor da CNC, ainda h\u00e1 discuss\u00f5es sobre supermercados e setores relacionados, cuja situa\u00e7\u00e3o \u00e9 mais complexa.<\/p>\n\n\n\n<p>Fonte: CNN Brasil<\/p>\n","protected":false},"excerpt":{"rendered":"<p>Encontro entre setores, governo e trabalhadores para bater o martelo sobre lista acontecer\u00e1 ap\u00f3s carnaval Uma reuni\u00e3o tripartiteentre o Minist\u00e9rio do Trabalho, setores da economia e entidades de trabalhadores vai definir neste m\u00eas as atividades com trabalho permitido em feriados, sem necessidade de fechar conven\u00e7\u00e3o com os sindicatos. A expectativa \u00e9 de que a lista<\/p>\n","protected":false},"author":1,"featured_media":55753,"comment_status":"open","ping_status":"open","sticky":false,"template":"","format":"standard","meta":{"om_disable_all_campaigns":false,"_monsterinsights_skip_tracking":false,"_monsterinsights_sitenote_active":false,"_monsterinsights_sitenote_note":"","_monsterinsights_sitenote_category":0,"footnotes":""},"categories":[43],"tags":[],"class_list":{"0":"post-55750","1":"post","2":"type-post","3":"status-publish","4":"format-standard","5":"has-post-thumbnail","7":"category-economia"},"_links":{"self":[{"href":"https:\/\/comandogeraldanoticia.com.br\/index.php\/wp-json\/wp\/v2\/posts\/55750","targetHints":{"allow":["GET"]}}],"collection":[{"href":"https:\/\/comandogeraldanoticia.com.br\/index.php\/wp-json\/wp\/v2\/posts"}],"about":[{"href":"https:\/\/comandogeraldanoticia.com.br\/index.php\/wp-json\/wp\/v2\/types\/post"}],"author":[{"embeddable":true,"href":"https:\/\/comandogeraldanoticia.com.br\/index.php\/wp-json\/wp\/v2\/users\/1"}],"replies":[{"embeddable":true,"href":"https:\/\/comandogeraldanoticia.com.br\/index.php\/wp-json\/wp\/v2\/comments?post=55750"}],"version-history":[{"count":1,"href":"https:\/\/comandogeraldanoticia.com.br\/index.php\/wp-json\/wp\/v2\/posts\/55750\/revisions"}],"predecessor-version":[{"id":55754,"href":"https:\/\/comandogeraldanoticia.com.br\/index.php\/wp-json\/wp\/v2\/posts\/55750\/revisions\/55754"}],"wp:featuredmedia":[{"embeddable":true,"href":"https:\/\/comandogeraldanoticia.com.br\/index.php\/wp-json\/wp\/v2\/media\/55753"}],"wp:attachment":[{"href":"https:\/\/comandogeraldanoticia.com.br\/index.php\/wp-json\/wp\/v2\/media?parent=55750"}],"wp:term":[{"taxonomy":"category","embeddable":true,"href":"https:\/\/comandogeraldanoticia.com.br\/index.php\/wp-json\/wp\/v2\/categories?post=55750"},{"taxonomy":"post_tag","embeddable":true,"href":"https:\/\/comandogeraldanoticia.com.br\/index.php\/wp-json\/wp\/v2\/tags?post=55750"}],"curies":[{"name":"wp","href":"https:\/\/api.w.org\/{rel}","templated":true}]}}