{"id":55746,"date":"2024-02-12T17:34:14","date_gmt":"2024-02-12T17:34:14","guid":{"rendered":"https:\/\/comandogeraldanoticia.com.br\/?p=55746"},"modified":"2024-02-12T17:34:15","modified_gmt":"2024-02-12T17:34:15","slug":"comandante-da-fab-defende-investigacao-completa-sobre-militares-em-tentativa-de-golpe","status":"publish","type":"post","link":"https:\/\/comandogeraldanoticia.com.br\/index.php\/2024\/02\/12\/comandante-da-fab-defende-investigacao-completa-sobre-militares-em-tentativa-de-golpe\/","title":{"rendered":"Comandante da FAB defende \u201cinvestiga\u00e7\u00e3o completa\u201d sobre militares em tentativa de golpe"},"content":{"rendered":"\n<p>&#8220;Qualquer coisa que fira nossos diplomas disciplinares ser\u00e1 punida&#8221;, disse Damasceno<\/p>\n\n\n\n<p>O comandante da Aeron\u00e1utica, tenente-brigadeiro Marcelo Kanitz Damasceno, defendeu uma \u201cinvestiga\u00e7\u00e3o completa\u201d sobre militares suspeitos de participarem de uma tentativa de golpe no pa\u00eds e afirmou que, caso seja comprovada a participa\u00e7\u00e3o de integrantes de sua tropa, haver\u00e1 puni\u00e7\u00e3o.<\/p>\n\n\n\n<p>\u201cQualquer coisa que fira nossos diplomas disciplinares ser\u00e1 punida\u201d, disse Damasceno em entrevista ao jornal O Globo.<\/p>\n\n\n\n<p>Ele disse ainda que o comando da Aeron\u00e1utica coaduna com a necessidade de uma investiga\u00e7\u00e3o completa, garantindo a ampla defesa e o contradit\u00f3rio a todos os envolvidos, seguindo o necess\u00e1rio rito processual previsto no ordenamento jur\u00eddico vigente.<\/p>\n\n\n\n<p>Damasceno tamb\u00e9m afirmou que n\u00e3o teve informa\u00e7\u00e3o sobre a reuni\u00e3o, no governo anterior, para discutir atos antidemocr\u00e1ticos e que a posi\u00e7\u00e3o do Alto Comando da Aeron\u00e1utica foi de isen\u00e7\u00e3o em rela\u00e7\u00e3o ao governo Bolsonaro. Damasceno diz n\u00e3o saber nem ter sido informado pela Justi\u00e7a se houve a participa\u00e7\u00e3o de militares da FAB da ativa nos ataques de 8 de janeiro.<\/p>\n\n\n\n<p>Na entrevista, ele tamb\u00e9m falou sobre a rela\u00e7\u00e3o com o presidente Luiz In\u00e1cio Lula da Silva e negou haver desconfian\u00e7as no Alto Comando.<\/p>\n\n\n\n<p>A minha rela\u00e7\u00e3o com o presidente sempre foi muito urbana. Ele tem uma grande preocupa\u00e7\u00e3o com o reaparelhamento das For\u00e7as Armadas e, por exemplo, uma vontade muito grande de que a gente desenvolva uma turbina (de aeronaves). Poucos pa\u00edses do mundo fazem isso. Lula \u00e9 apaixonado por essa agenda de Defesa<\/p>\n\n\n\n<p>Marcelo Kanitz Damasceno<br>O comandante da FAB defende a sa\u00edda de militar \u00e0 reserva, caso queira se candidatar, mas apoia que assuma fun\u00e7\u00e3o no Executivo, sem cargo eletivo, e concurso aberto, n\u00e3o delimitando vagas para mulheres.<\/p>\n\n\n\n<p>Fonte: CNN Brasil<\/p>\n","protected":false},"excerpt":{"rendered":"<p>&#8220;Qualquer coisa que fira nossos diplomas disciplinares ser\u00e1 punida&#8221;, disse Damasceno O comandante da Aeron\u00e1utica, tenente-brigadeiro Marcelo Kanitz Damasceno, defendeu uma \u201cinvestiga\u00e7\u00e3o completa\u201d sobre militares suspeitos de participarem de uma tentativa de golpe no pa\u00eds e afirmou que, caso seja comprovada a participa\u00e7\u00e3o de integrantes de sua tropa, haver\u00e1 puni\u00e7\u00e3o. \u201cQualquer coisa que fira nossos<\/p>\n","protected":false},"author":1,"featured_media":55748,"comment_status":"open","ping_status":"open","sticky":false,"template":"","format":"standard","meta":{"om_disable_all_campaigns":false,"_monsterinsights_skip_tracking":false,"_monsterinsights_sitenote_active":false,"_monsterinsights_sitenote_note":"","_monsterinsights_sitenote_category":0,"footnotes":""},"categories":[71],"tags":[],"class_list":{"0":"post-55746","1":"post","2":"type-post","3":"status-publish","4":"format-standard","5":"has-post-thumbnail","7":"category-politica"},"_links":{"self":[{"href":"https:\/\/comandogeraldanoticia.com.br\/index.php\/wp-json\/wp\/v2\/posts\/55746","targetHints":{"allow":["GET"]}}],"collection":[{"href":"https:\/\/comandogeraldanoticia.com.br\/index.php\/wp-json\/wp\/v2\/posts"}],"about":[{"href":"https:\/\/comandogeraldanoticia.com.br\/index.php\/wp-json\/wp\/v2\/types\/post"}],"author":[{"embeddable":true,"href":"https:\/\/comandogeraldanoticia.com.br\/index.php\/wp-json\/wp\/v2\/users\/1"}],"replies":[{"embeddable":true,"href":"https:\/\/comandogeraldanoticia.com.br\/index.php\/wp-json\/wp\/v2\/comments?post=55746"}],"version-history":[{"count":1,"href":"https:\/\/comandogeraldanoticia.com.br\/index.php\/wp-json\/wp\/v2\/posts\/55746\/revisions"}],"predecessor-version":[{"id":55749,"href":"https:\/\/comandogeraldanoticia.com.br\/index.php\/wp-json\/wp\/v2\/posts\/55746\/revisions\/55749"}],"wp:featuredmedia":[{"embeddable":true,"href":"https:\/\/comandogeraldanoticia.com.br\/index.php\/wp-json\/wp\/v2\/media\/55748"}],"wp:attachment":[{"href":"https:\/\/comandogeraldanoticia.com.br\/index.php\/wp-json\/wp\/v2\/media?parent=55746"}],"wp:term":[{"taxonomy":"category","embeddable":true,"href":"https:\/\/comandogeraldanoticia.com.br\/index.php\/wp-json\/wp\/v2\/categories?post=55746"},{"taxonomy":"post_tag","embeddable":true,"href":"https:\/\/comandogeraldanoticia.com.br\/index.php\/wp-json\/wp\/v2\/tags?post=55746"}],"curies":[{"name":"wp","href":"https:\/\/api.w.org\/{rel}","templated":true}]}}