{"id":55736,"date":"2024-02-11T14:59:11","date_gmt":"2024-02-11T14:59:11","guid":{"rendered":"https:\/\/comandogeraldanoticia.com.br\/?p=55736"},"modified":"2024-02-11T14:59:11","modified_gmt":"2024-02-11T14:59:11","slug":"em-ano-de-queda-do-juro-cpfs-na-renda-fixa-crescem-15-e-investimento-em-acao-fica-estavel-2","status":"publish","type":"post","link":"https:\/\/comandogeraldanoticia.com.br\/index.php\/2024\/02\/11\/em-ano-de-queda-do-juro-cpfs-na-renda-fixa-crescem-15-e-investimento-em-acao-fica-estavel-2\/","title":{"rendered":"Em ano de queda do juro, CPFs na renda fixa crescem 15% e investimento em a\u00e7\u00e3o fica est\u00e1vel"},"content":{"rendered":"\n<p>Atualmente, 17,1 milh\u00f5es de pessoas t\u00eam recursos na renda fixa e 5 milh\u00f5es de CPFs t\u00eam algum investimento em a\u00e7\u00f5es, segundo B3<\/p>\n\n\n\n<p>O n\u00famero de investidores na renda fixa cresceu 15% no ano passado, quando o Banco Central (BC) iniciou o ciclo de corte dos juros que segue at\u00e9 agora. Ao mesmo tempo, o n\u00famero de pessoas com investimento em a\u00e7\u00f5es manteve-se est\u00e1vel no ano de 2023.<\/p>\n\n\n\n<p>Atualmente, 17,1 milh\u00f5es de pessoas t\u00eam recursos na renda fixa e 5 milh\u00f5es de CPFs t\u00eam algum investimento em a\u00e7\u00f5es. O dado \u00e9 da B3 e consta do relat\u00f3rio anual da bolsa.<\/p>\n\n\n\n<p>Segundo os dados da B3, o conjunto de brasileiros com recursos na renda fixa terminou o ano passado com R$ 2,136 trilh\u00f5es em recursos. Esse montante saltou 30% na compara\u00e7\u00e3o com o fim de 2022. Cada CPF tinha, em m\u00e9dia, R$ 6,8 mil investidos no fim de dezembro.<\/p>\n\n\n\n<p>Apenas no Tesouro Direto, s\u00e3o 2,5 milh\u00f5es de pessoas, grupo que cresceu 16% em um ano. No Tesouro Direto, s\u00e3o R$ 126,8 bilh\u00f5es investidos pelas pessoas f\u00edsicas.<\/p>\n\n\n\n<p>Na renda vari\u00e1vel, o total de investimentos atingiu R$ 551 bilh\u00f5es no fim do ano passado, valor 20% maior que o registrado um ano antes. Na m\u00e9dia, cada um dos 5 milh\u00f5es de CPFs desse grupo tinha R$ 2,1 mil investido em renda vari\u00e1vel. Em um ano, esse universo de investidores praticamente n\u00e3o oscilou \u2013 e teve ligeira queda marginal de 1%.<\/p>\n\n\n\n<p>Por faixa et\u00e1ria, 49% dos CPFs com investimento em renda vari\u00e1vel tinham entre 25 e 39 anos. O segundo maior grupo, entre 40 e 59 anos, responde por 26% dos investidores.<\/p>\n\n\n\n<p>Somados, os investimentos de pessoas f\u00edsicas na renda fixa e vari\u00e1vel atingem R$ 2,6 trilh\u00f5es sob cust\u00f3dia. Ao todo, h\u00e1 19,1 milh\u00f5es de CPFs com algum tipo de investimento registrado nos sistemas da B3.<\/p>\n\n\n\n<p>\u201cA agenda da bancariza\u00e7\u00e3o digital dos brasileiros nos \u00faltimos anos tamb\u00e9m abriu as portas para a oferta de produtos de investimentos de renda fixa e renda vari\u00e1vel. Esse fluxo de abertura de novas contas digitais banc\u00e1rias vem fluindo para o mundo dos investimentos\u201d, diz Felipe Paiva, diretor de relacionamento com clientes, pessoas f\u00edsicas e educa\u00e7\u00e3o da B3.<\/p>\n\n\n\n<p>Fonte: CNN Brasil<\/p>\n","protected":false},"excerpt":{"rendered":"<p>Atualmente, 17,1 milh\u00f5es de pessoas t\u00eam recursos na renda fixa e 5 milh\u00f5es de CPFs t\u00eam algum investimento em a\u00e7\u00f5es, segundo B3 O n\u00famero de investidores na renda fixa cresceu 15% no ano passado, quando o Banco Central (BC) iniciou o ciclo de corte dos juros que segue at\u00e9 agora. Ao mesmo tempo, o n\u00famero<\/p>\n","protected":false},"author":1,"featured_media":55738,"comment_status":"open","ping_status":"open","sticky":false,"template":"","format":"standard","meta":{"om_disable_all_campaigns":false,"_monsterinsights_skip_tracking":false,"_monsterinsights_sitenote_active":false,"_monsterinsights_sitenote_note":"","_monsterinsights_sitenote_category":0,"footnotes":""},"categories":[43],"tags":[],"class_list":{"0":"post-55736","1":"post","2":"type-post","3":"status-publish","4":"format-standard","5":"has-post-thumbnail","7":"category-economia"},"_links":{"self":[{"href":"https:\/\/comandogeraldanoticia.com.br\/index.php\/wp-json\/wp\/v2\/posts\/55736","targetHints":{"allow":["GET"]}}],"collection":[{"href":"https:\/\/comandogeraldanoticia.com.br\/index.php\/wp-json\/wp\/v2\/posts"}],"about":[{"href":"https:\/\/comandogeraldanoticia.com.br\/index.php\/wp-json\/wp\/v2\/types\/post"}],"author":[{"embeddable":true,"href":"https:\/\/comandogeraldanoticia.com.br\/index.php\/wp-json\/wp\/v2\/users\/1"}],"replies":[{"embeddable":true,"href":"https:\/\/comandogeraldanoticia.com.br\/index.php\/wp-json\/wp\/v2\/comments?post=55736"}],"version-history":[{"count":1,"href":"https:\/\/comandogeraldanoticia.com.br\/index.php\/wp-json\/wp\/v2\/posts\/55736\/revisions"}],"predecessor-version":[{"id":55739,"href":"https:\/\/comandogeraldanoticia.com.br\/index.php\/wp-json\/wp\/v2\/posts\/55736\/revisions\/55739"}],"wp:featuredmedia":[{"embeddable":true,"href":"https:\/\/comandogeraldanoticia.com.br\/index.php\/wp-json\/wp\/v2\/media\/55738"}],"wp:attachment":[{"href":"https:\/\/comandogeraldanoticia.com.br\/index.php\/wp-json\/wp\/v2\/media?parent=55736"}],"wp:term":[{"taxonomy":"category","embeddable":true,"href":"https:\/\/comandogeraldanoticia.com.br\/index.php\/wp-json\/wp\/v2\/categories?post=55736"},{"taxonomy":"post_tag","embeddable":true,"href":"https:\/\/comandogeraldanoticia.com.br\/index.php\/wp-json\/wp\/v2\/tags?post=55736"}],"curies":[{"name":"wp","href":"https:\/\/api.w.org\/{rel}","templated":true}]}}