{"id":55731,"date":"2024-02-11T14:57:18","date_gmt":"2024-02-11T14:57:18","guid":{"rendered":"https:\/\/comandogeraldanoticia.com.br\/?p=55731"},"modified":"2024-02-11T14:57:19","modified_gmt":"2024-02-11T14:57:19","slug":"cidade-de-sao-paulo-sofreu-terremoto-de-grande-magnitude-ha-25-milhoes-de-anos-diz-estudo","status":"publish","type":"post","link":"https:\/\/comandogeraldanoticia.com.br\/index.php\/2024\/02\/11\/cidade-de-sao-paulo-sofreu-terremoto-de-grande-magnitude-ha-25-milhoes-de-anos-diz-estudo\/","title":{"rendered":"Cidade de S\u00e3o Paulo sofreu terremoto de grande magnitude h\u00e1 2,5 milh\u00f5es de anos, diz estudo"},"content":{"rendered":"\n<p>Trabalho recente \u00e9 o primeiro a documentar registros de abalos s\u00edsmicos de magnitude t\u00e3o alta na regi\u00e3o<\/p>\n\n\n\n<p>Fei\u00e7\u00f5es geol\u00f3gicas encontradas no subsolo do centro da capital paulista indicam que a regi\u00e3o registrou um terremoto de grande magnitude h\u00e1 pelo menos 2,5 milh\u00f5es de anos \u2014 bem pouco tempo do ponto de vista geol\u00f3gico.<\/p>\n\n\n\n<p>Um trabalho recente, publicado por pesquisadores da USP e da Universidade Federal do ABC, \u00e9 o primeiro a documentar registros de abalos s\u00edsmicos de magnitude t\u00e3o alta na regi\u00e3o. Os tremores podem ter sido causados pela queda de um meteorito ou por atividade tect\u00f4nica.<\/p>\n\n\n\n<p>Publicado na Sedimentary Geology, o estudo revela que pelo menos um grande terremoto ocorreu na regi\u00e3o, alcan\u00e7ando uma magnitude de, no m\u00ednimo, 6 graus na escala Richter \u2013 o suficiente para destruir boa parte do centro da cidade, se ocorresse nos dias de hoje.<\/p>\n\n\n\n<p>Os pesquisadores n\u00e3o sabem exatamente o que pode ter causado um terremoto t\u00e3o intenso, mas uma das principais suspeitas \u00e9 de que tenha sido a queda de um meteorito.<\/p>\n\n\n\n<p>De fato, existe uma cratera na zona sul da cidade, a cerca de 40 km do centro, com 3,6 km de di\u00e2metro e 450 m de profundidade, a Cratera Col\u00f4nia, que passou muito tempo despercebida. Ela est\u00e1 coberta por sedimentos que formam uma plan\u00edcie. Os bairros de Col\u00f4nia e Vargem Grande foram erguidos na regi\u00e3o.<\/p>\n\n\n\n<p>S\u00f3 na d\u00e9cada de 1960 imagens a\u00e9reas e de sat\u00e9lite revelaram a cratera. Pela an\u00e1lise das bordas e dos sedimentos de seu fundo, \u00e9 poss\u00edvel dizer que ela foi causada pela queda de um meteorito.<\/p>\n\n\n\n<p>Atividade tect\u00f4nica<\/p>\n\n\n\n<p>A outra hip\u00f3tese levantada pelos pesquisadores \u00e9 de que o terremoto tenha sido causado por atividade tect\u00f4nica. O Brasil est\u00e1 localizado bem no centro da Placa Sul-Americana e, por isso mesmo, os abalos s\u00edsmicos s\u00e3o raros por aqui.<\/p>\n\n\n\n<p>Terremotos s\u00e3o muito mais frequentes em regi\u00f5es onde placas diferentes se encontram, pois h\u00e1 risco de choque entre elas. Por\u00e9m, alertam os cientistas, tremores podem ocorrer em outras \u00e1reas pela simples movimenta\u00e7\u00e3o das placas.<\/p>\n\n\n\n<p>Se foi essa movimenta\u00e7\u00e3o que causou os abalos s\u00edsmicos, existe um risco, ainda que remoto, de isso acontecer novamente na regi\u00e3o.<\/p>\n\n\n\n<p>\u201cCaso a gente consiga provar que n\u00e3o h\u00e1 rela\u00e7\u00e3o entre o tremor e a Cratera Col\u00f4nia, a \u00fanica op\u00e7\u00e3o que nos restaria seria um terremoto de origem tect\u00f4nica\u201d, disse o ge\u00f3logo Maur\u00edcio Guerreiro dos Santos, da Universidade Federal do ABC, um dos autores do estudo.<\/p>\n\n\n\n<p>\u201cN\u00e3o seria algo in\u00e9dito, isso ocorre com alguma frequ\u00eancia, embora seja mais comum nas bordas das placas tect\u00f4nicas. Se um terremoto desses ocorresse hoje seria uma cat\u00e1strofe completa, as constru\u00e7\u00f5es de S\u00e3o Paulo n\u00e3o s\u00e3o feitas para esse tipo de ocorr\u00eancia\u201d, disse.<\/p>\n\n\n\n<p>\u201cOs grandes terremotos, em geral, ocorrem na plataforma continental, a 2 mil km de dist\u00e2ncia, e quando chegam aqui \u00e9 com tremores muito fracos\u201d, afirmou o ge\u00f3logo Renato Henrique Pinto, do Instituto de Geoci\u00eancias da USP, que tamb\u00e9m assina o estudo. \u201cA queda do meteorito faz mais sentido tanto do ponto de vista geol\u00f3gico, quanto da estratigrafia.\u201d<\/p>\n\n\n\n<p>Isolamento na pandemia<\/p>\n\n\n\n<p>Os pesquisadores decidiram pesquisar o subsolo da cidade quando se viram no isolamento for\u00e7ado pela pandemia de covid-19, em 2020. Estudar o subsolo paulistano n\u00e3o \u00e9 uma tarefa simples, por causa da pavimenta\u00e7\u00e3o e das constru\u00e7\u00f5es.<\/p>\n\n\n\n<p>Os ge\u00f3logos buscaram afloramentos de rochas no pr\u00f3prio c\u00e2mpus da USP e tamb\u00e9m em pra\u00e7as no centro. O tipo de rocha encontrado \u00e9 t\u00edpico de regi\u00f5es em que houve tremores de grande magnitude. Os pesquisadores tamb\u00e9m usaram os levantamentos do subsolo feitos pelo Metr\u00f4.<\/p>\n\n\n\n<p>\u201cPrecisamos preservar esses afloramentos\u201d, afirmou Renato Henrique Pinto. \u201cSe forem cimentados, ningu\u00e9m nunca mais vai poder ver. Ent\u00e3o escrevi um projeto, para montarmos um roteiro de visita\u00e7\u00e3o e, se conseguirmos verba, fazer uma data\u00e7\u00e3o.\u201d<\/p>\n\n\n\n<p>Fonte: CNN Brasil<\/p>\n","protected":false},"excerpt":{"rendered":"<p>Trabalho recente \u00e9 o primeiro a documentar registros de abalos s\u00edsmicos de magnitude t\u00e3o alta na regi\u00e3o Fei\u00e7\u00f5es geol\u00f3gicas encontradas no subsolo do centro da capital paulista indicam que a regi\u00e3o registrou um terremoto de grande magnitude h\u00e1 pelo menos 2,5 milh\u00f5es de anos \u2014 bem pouco tempo do ponto de vista geol\u00f3gico. Um trabalho<\/p>\n","protected":false},"author":1,"featured_media":55732,"comment_status":"open","ping_status":"open","sticky":false,"template":"","format":"standard","meta":{"om_disable_all_campaigns":false,"_monsterinsights_skip_tracking":false,"_monsterinsights_sitenote_active":false,"_monsterinsights_sitenote_note":"","_monsterinsights_sitenote_category":0,"footnotes":""},"categories":[39],"tags":[],"class_list":{"0":"post-55731","1":"post","2":"type-post","3":"status-publish","4":"format-standard","5":"has-post-thumbnail","7":"category-brasil"},"_links":{"self":[{"href":"https:\/\/comandogeraldanoticia.com.br\/index.php\/wp-json\/wp\/v2\/posts\/55731","targetHints":{"allow":["GET"]}}],"collection":[{"href":"https:\/\/comandogeraldanoticia.com.br\/index.php\/wp-json\/wp\/v2\/posts"}],"about":[{"href":"https:\/\/comandogeraldanoticia.com.br\/index.php\/wp-json\/wp\/v2\/types\/post"}],"author":[{"embeddable":true,"href":"https:\/\/comandogeraldanoticia.com.br\/index.php\/wp-json\/wp\/v2\/users\/1"}],"replies":[{"embeddable":true,"href":"https:\/\/comandogeraldanoticia.com.br\/index.php\/wp-json\/wp\/v2\/comments?post=55731"}],"version-history":[{"count":1,"href":"https:\/\/comandogeraldanoticia.com.br\/index.php\/wp-json\/wp\/v2\/posts\/55731\/revisions"}],"predecessor-version":[{"id":55733,"href":"https:\/\/comandogeraldanoticia.com.br\/index.php\/wp-json\/wp\/v2\/posts\/55731\/revisions\/55733"}],"wp:featuredmedia":[{"embeddable":true,"href":"https:\/\/comandogeraldanoticia.com.br\/index.php\/wp-json\/wp\/v2\/media\/55732"}],"wp:attachment":[{"href":"https:\/\/comandogeraldanoticia.com.br\/index.php\/wp-json\/wp\/v2\/media?parent=55731"}],"wp:term":[{"taxonomy":"category","embeddable":true,"href":"https:\/\/comandogeraldanoticia.com.br\/index.php\/wp-json\/wp\/v2\/categories?post=55731"},{"taxonomy":"post_tag","embeddable":true,"href":"https:\/\/comandogeraldanoticia.com.br\/index.php\/wp-json\/wp\/v2\/tags?post=55731"}],"curies":[{"name":"wp","href":"https:\/\/api.w.org\/{rel}","templated":true}]}}