{"id":55725,"date":"2024-02-11T14:56:15","date_gmt":"2024-02-11T14:56:15","guid":{"rendered":"https:\/\/comandogeraldanoticia.com.br\/?p=55725"},"modified":"2024-02-11T14:56:15","modified_gmt":"2024-02-11T14:56:15","slug":"hacker-invade-perfil-da-camara-dos-deputados-no-x-e-ataca-moraes","status":"publish","type":"post","link":"https:\/\/comandogeraldanoticia.com.br\/index.php\/2024\/02\/11\/hacker-invade-perfil-da-camara-dos-deputados-no-x-e-ataca-moraes\/","title":{"rendered":"Hacker invade perfil da C\u00e2mara dos Deputados no \u201cX\u201d e ataca Moraes"},"content":{"rendered":"\n<p>Postagem chamou o ministro de &#8220;ditador&#8221; e afirmou que ele &#8220;destru\u00eda a democracia&#8221;<\/p>\n\n\n\n<p>O perfil da C\u00e2mara dos Deputados no \u201cX\u201c, o antigo Twitter, foi alvo de um ataque hacker na manh\u00e3 deste s\u00e1bado (10).<\/p>\n\n\n\n<p>Durante a invas\u00e3o, uma mensagem chamando o ministro do Supremo Tribunal Federal (STF), Alexandre de Moraes, de \u201cditador\u201d foi publicada na conta. O texto tamb\u00e9m dizia que o magistrado \u201cdestru\u00eda a democracia\u201d e que estava planejando um golpe de Estado com o presidente Lula (PT).<\/p>\n\n\n\n<p>Em nota, a assessoria da Casa avaliou a mensagem como \u201cinjuriosa\u201d e afirmou que o texto foi apagado 15 minutos ap\u00f3s a postagem. A C\u00e2mara dos Deputados ainda informou que a senha de acesso foi alterada para evitar novos ataques cibern\u00e9ticos.<\/p>\n\n\n\n<p>\u201cAs autoridades policiais e medidas de seguran\u00e7a foram acionadas. A C\u00e2mara dos Deputados tamb\u00e9m far\u00e1 uma investiga\u00e7\u00e3o interna\u201d, acrecenta a nota.<\/p>\n\n\n\n<p>Nesta madrugada a CNN tamb\u00e9m sofreu um ataque hacker no nosso perfil do \u201cX\u201d, mas rapidamente o problema foi resolvido.<\/p>\n\n\n\n<p>*Publicado por J\u00falia Vieira, com informa\u00e7\u00f5es de Victor Locateli<\/p>\n\n\n\n<p>Fonte: CNN Brasil<\/p>\n","protected":false},"excerpt":{"rendered":"<p>Postagem chamou o ministro de &#8220;ditador&#8221; e afirmou que ele &#8220;destru\u00eda a democracia&#8221; O perfil da C\u00e2mara dos Deputados no \u201cX\u201c, o antigo Twitter, foi alvo de um ataque hacker na manh\u00e3 deste s\u00e1bado (10). Durante a invas\u00e3o, uma mensagem chamando o ministro do Supremo Tribunal Federal (STF), Alexandre de Moraes, de \u201cditador\u201d foi publicada<\/p>\n","protected":false},"author":1,"featured_media":55727,"comment_status":"open","ping_status":"open","sticky":false,"template":"","format":"standard","meta":{"om_disable_all_campaigns":false,"_monsterinsights_skip_tracking":false,"_monsterinsights_sitenote_active":false,"_monsterinsights_sitenote_note":"","_monsterinsights_sitenote_category":0,"footnotes":""},"categories":[71],"tags":[],"class_list":{"0":"post-55725","1":"post","2":"type-post","3":"status-publish","4":"format-standard","5":"has-post-thumbnail","7":"category-politica"},"_links":{"self":[{"href":"https:\/\/comandogeraldanoticia.com.br\/index.php\/wp-json\/wp\/v2\/posts\/55725","targetHints":{"allow":["GET"]}}],"collection":[{"href":"https:\/\/comandogeraldanoticia.com.br\/index.php\/wp-json\/wp\/v2\/posts"}],"about":[{"href":"https:\/\/comandogeraldanoticia.com.br\/index.php\/wp-json\/wp\/v2\/types\/post"}],"author":[{"embeddable":true,"href":"https:\/\/comandogeraldanoticia.com.br\/index.php\/wp-json\/wp\/v2\/users\/1"}],"replies":[{"embeddable":true,"href":"https:\/\/comandogeraldanoticia.com.br\/index.php\/wp-json\/wp\/v2\/comments?post=55725"}],"version-history":[{"count":1,"href":"https:\/\/comandogeraldanoticia.com.br\/index.php\/wp-json\/wp\/v2\/posts\/55725\/revisions"}],"predecessor-version":[{"id":55728,"href":"https:\/\/comandogeraldanoticia.com.br\/index.php\/wp-json\/wp\/v2\/posts\/55725\/revisions\/55728"}],"wp:featuredmedia":[{"embeddable":true,"href":"https:\/\/comandogeraldanoticia.com.br\/index.php\/wp-json\/wp\/v2\/media\/55727"}],"wp:attachment":[{"href":"https:\/\/comandogeraldanoticia.com.br\/index.php\/wp-json\/wp\/v2\/media?parent=55725"}],"wp:term":[{"taxonomy":"category","embeddable":true,"href":"https:\/\/comandogeraldanoticia.com.br\/index.php\/wp-json\/wp\/v2\/categories?post=55725"},{"taxonomy":"post_tag","embeddable":true,"href":"https:\/\/comandogeraldanoticia.com.br\/index.php\/wp-json\/wp\/v2\/tags?post=55725"}],"curies":[{"name":"wp","href":"https:\/\/api.w.org\/{rel}","templated":true}]}}