{"id":55718,"date":"2024-02-10T11:16:52","date_gmt":"2024-02-10T11:16:52","guid":{"rendered":"https:\/\/comandogeraldanoticia.com.br\/?p=55718"},"modified":"2024-02-10T11:16:52","modified_gmt":"2024-02-10T11:16:52","slug":"biden-diz-que-congresso-ira-cometer-negligencia-se-nao-ajudar-a-ucrania","status":"publish","type":"post","link":"https:\/\/comandogeraldanoticia.com.br\/index.php\/2024\/02\/10\/biden-diz-que-congresso-ira-cometer-negligencia-se-nao-ajudar-a-ucrania\/","title":{"rendered":"Biden diz que Congresso ir\u00e1 cometer \u201cneglig\u00eancia\u201d se n\u00e3o ajudar a Ucr\u00e2nia"},"content":{"rendered":"\n<p>Presidente americano discutiu envio de aux\u00edlio com o chanceler alem\u00e3o Olaf Scholz em Washington<\/p>\n\n\n\n<p>O presidente dos Estados Unidos, Joe Biden, afirmou que o Congresso poder\u00e1 ser culpado de algo pr\u00f3ximo a uma neglig\u00eancia criminosa se n\u00e3o aprovar o financiamento para a Ucr\u00e2nia, e agradeceu nesta sexta-feira (9) ao chanceler alem\u00e3o, Olaf Scholz, pela lideran\u00e7a em oferecer ajuda militar a Kiev.<\/p>\n\n\n\n<p>Scholz, que passou rapidamente por Washington para prestar seu apoio aos esfor\u00e7os de Biden em obter financiamento para a Ucr\u00e2nia, se reuniu com o presidente na Casa Branca para discutir a guerra da R\u00fassia e a crise no Oriente M\u00e9dio.<\/p>\n\n\n\n<p>Antes do encontro, Scholz disse a jornalistas que ficou contente com o movimento do Senado dos EUA na quinta-feira de adiantar um pacote de 95,34 bilh\u00f5es de d\u00f3lares que inclui uma ajuda a Ucr\u00e2nia, Israel e Taiwan, ap\u00f3s republicanos bloquearem leis que inclu\u00edam reformas nas pol\u00edticas de imigra\u00e7\u00e3o.<\/p>\n\n\n\n<p>\u201cSe ocorrer, o fracasso do Congresso dos Estados Unidos em ajudar a Ucr\u00e2nia estar\u00e1 perto de uma neglig\u00eancia criminal\u201d, disse Biden no Sal\u00e3o Oval, com o chanceler alem\u00e3o sentado ao seu lado.<\/p>\n\n\n\n<p>\u201cEstou muito feliz de que na Europa tomamos decis\u00f5es para obter o necess\u00e1rio apoio financeiro ao or\u00e7amento\u201d, disse Scholz. \u201cE tamb\u00e9m que a Alemanha est\u00e1 pronta para aumentar seu apoio na entrega de armas.\u201d<\/p>\n\n\n\n<p>A Uni\u00e3o Europeia aprovou um pacote de quatro anos e 50 bilh\u00f5es de euros para a Ucr\u00e2nia na semana passada. A na\u00e7\u00e3o, que tem o objetivo de entrar na Otan (Organiza\u00e7\u00e3o do Tratado do Atl\u00e2ntico Norte), depende do Ocidente para obter suporte militar e financeiro.<\/p>\n\n\n\n<p>Fonte: CNN Brasil<\/p>\n","protected":false},"excerpt":{"rendered":"<p>Presidente americano discutiu envio de aux\u00edlio com o chanceler alem\u00e3o Olaf Scholz em Washington O presidente dos Estados Unidos, Joe Biden, afirmou que o Congresso poder\u00e1 ser culpado de algo pr\u00f3ximo a uma neglig\u00eancia criminosa se n\u00e3o aprovar o financiamento para a Ucr\u00e2nia, e agradeceu nesta sexta-feira (9) ao chanceler alem\u00e3o, Olaf Scholz, pela lideran\u00e7a<\/p>\n","protected":false},"author":1,"featured_media":55721,"comment_status":"open","ping_status":"open","sticky":false,"template":"","format":"standard","meta":{"om_disable_all_campaigns":false,"_monsterinsights_skip_tracking":false,"_monsterinsights_sitenote_active":false,"_monsterinsights_sitenote_note":"","_monsterinsights_sitenote_category":0,"footnotes":""},"categories":[47],"tags":[],"class_list":{"0":"post-55718","1":"post","2":"type-post","3":"status-publish","4":"format-standard","5":"has-post-thumbnail","7":"category-mundo"},"_links":{"self":[{"href":"https:\/\/comandogeraldanoticia.com.br\/index.php\/wp-json\/wp\/v2\/posts\/55718","targetHints":{"allow":["GET"]}}],"collection":[{"href":"https:\/\/comandogeraldanoticia.com.br\/index.php\/wp-json\/wp\/v2\/posts"}],"about":[{"href":"https:\/\/comandogeraldanoticia.com.br\/index.php\/wp-json\/wp\/v2\/types\/post"}],"author":[{"embeddable":true,"href":"https:\/\/comandogeraldanoticia.com.br\/index.php\/wp-json\/wp\/v2\/users\/1"}],"replies":[{"embeddable":true,"href":"https:\/\/comandogeraldanoticia.com.br\/index.php\/wp-json\/wp\/v2\/comments?post=55718"}],"version-history":[{"count":1,"href":"https:\/\/comandogeraldanoticia.com.br\/index.php\/wp-json\/wp\/v2\/posts\/55718\/revisions"}],"predecessor-version":[{"id":55723,"href":"https:\/\/comandogeraldanoticia.com.br\/index.php\/wp-json\/wp\/v2\/posts\/55718\/revisions\/55723"}],"wp:featuredmedia":[{"embeddable":true,"href":"https:\/\/comandogeraldanoticia.com.br\/index.php\/wp-json\/wp\/v2\/media\/55721"}],"wp:attachment":[{"href":"https:\/\/comandogeraldanoticia.com.br\/index.php\/wp-json\/wp\/v2\/media?parent=55718"}],"wp:term":[{"taxonomy":"category","embeddable":true,"href":"https:\/\/comandogeraldanoticia.com.br\/index.php\/wp-json\/wp\/v2\/categories?post=55718"},{"taxonomy":"post_tag","embeddable":true,"href":"https:\/\/comandogeraldanoticia.com.br\/index.php\/wp-json\/wp\/v2\/tags?post=55718"}],"curies":[{"name":"wp","href":"https:\/\/api.w.org\/{rel}","templated":true}]}}