{"id":55261,"date":"2024-02-02T08:11:34","date_gmt":"2024-02-02T08:11:34","guid":{"rendered":"https:\/\/comandogeraldanoticia.com.br\/?p=55261"},"modified":"2024-02-02T08:11:35","modified_gmt":"2024-02-02T08:11:35","slug":"casos-agudos-de-covid-19-aumentam-no-norte-e-nordeste","status":"publish","type":"post","link":"https:\/\/comandogeraldanoticia.com.br\/index.php\/2024\/02\/02\/casos-agudos-de-covid-19-aumentam-no-norte-e-nordeste\/","title":{"rendered":"Casos agudos de Covid-19 aumentam no Norte e Nordeste"},"content":{"rendered":"\n<p>Boletim da Fiocruz aponta tend\u00eancia de queda na regi\u00e3o centro-sul<\/p>\n\n\n\n<p>Os casos de s\u00edndrome respirat\u00f3ria aguda grave (SRAG) por Covid-19 apresentam tend\u00eancia de alta em estados do Norte e Nordeste, informa o \u00faltimo boletim InfoGripe da Funda\u00e7\u00e3o Oswaldo Cruz (Fiocruz). O movimento segue em sentido oposto do resto do Centro-Sul, regi\u00e3o em que a tend\u00eancia \u00e9 de queda.<\/p>\n\n\n\n<p>A an\u00e1lise tem como base os dados da semana de 21 a 27 de janeiro e das seis semanas anteriores, inseridos at\u00e9 29 de janeiro no Sistema de Informa\u00e7\u00e3o da Vigil\u00e2ncia Epidemiol\u00f3gica da Gripe (Sivep-Gripe).<\/p>\n\n\n\n<p>Os casos de s\u00edndrome respirat\u00f3ria aguda grave s\u00e3o aqueles em que os pacientes apresentam sintomas respirat\u00f3rios mais agudos durante as infec\u00e7\u00f5es e servem de par\u00e2metro para monitorar a incid\u00eancia de v\u00edrus e bact\u00e9rias que atacam o sistema respirat\u00f3rio, como o SARS-CoV-2 e o Influenza.<\/p>\n\n\n\n<p>Aumento tardio<br>O pesquisador do Programa de Computa\u00e7\u00e3o Cient\u00edfica da Fiocruz (Procc\/Fiocruz) e coordenador do InfoGripe, Marcelo Gomes, explica que o Norte demorou mais a ser afetado pelo crescimento da Covid-19 ocorrido no segundo semestre de 2023 no restante do pa\u00eds. \u201cO aumento come\u00e7ou pelo Centro-Sul e afetou o Nordeste no final do ano passado, chegando ao Norte apenas agora na virada do ano\u201d, observou Gomes.<\/p>\n\n\n\n<p>O boletim aponta crescimento da SRAG por covid-19 no Amap\u00e1, em Mato Grosso, no Par\u00e1, em Pernambuco, no Piau\u00ed, em Sergipe e no Tocantins. J\u00e1 em Alagoas e no Rio Grande do Norte, verifica-se interrup\u00e7\u00e3o na tend\u00eancia de crescimento.<\/p>\n\n\n\n<p>Crian\u00e7as e idosos<br>Segundo a Fiocruz, nas \u00faltimas oito semanas, a incid\u00eancia e mortalidade por covid-19 mant\u00e9m maior impacto nas crian\u00e7as at\u00e9 2 anos e popula\u00e7\u00e3o a partir de 65 anos de idade.<\/p>\n\n\n\n<p>\u201cEnquanto a incid\u00eancia de SRAG apresenta impacto mais elevado nas crian\u00e7as at\u00e9 dois anos de idade, em termos de mortalidade temos o inverso, com a popula\u00e7\u00e3o a partir de 65 anos sendo a mais impactada\u201d, diz Gomes.<\/p>\n\n\n\n<p>Neste ano, j\u00e1 foram registrados 4.240 casos de s\u00edndrome respirat\u00f3ria aguda grave e 35% foram causados por algum v\u00edrus respirat\u00f3rio. Entre esses casos virais, dois ter\u00e7os s\u00e3o resultado de infec\u00e7\u00f5es pelo SARS-CoV-2.<\/p>\n\n\n\n<p>Fonte: CNN Brasil<\/p>\n","protected":false},"excerpt":{"rendered":"<p>Boletim da Fiocruz aponta tend\u00eancia de queda na regi\u00e3o centro-sul Os casos de s\u00edndrome respirat\u00f3ria aguda grave (SRAG) por Covid-19 apresentam tend\u00eancia de alta em estados do Norte e Nordeste, informa o \u00faltimo boletim InfoGripe da Funda\u00e7\u00e3o Oswaldo Cruz (Fiocruz). O movimento segue em sentido oposto do resto do Centro-Sul, regi\u00e3o em que a tend\u00eancia<\/p>\n","protected":false},"author":1,"featured_media":55263,"comment_status":"open","ping_status":"open","sticky":false,"template":"","format":"standard","meta":{"om_disable_all_campaigns":false,"_monsterinsights_skip_tracking":false,"_monsterinsights_sitenote_active":false,"_monsterinsights_sitenote_note":"","_monsterinsights_sitenote_category":0,"footnotes":""},"categories":[119],"tags":[],"class_list":{"0":"post-55261","1":"post","2":"type-post","3":"status-publish","4":"format-standard","5":"has-post-thumbnail","7":"category-saude"},"_links":{"self":[{"href":"https:\/\/comandogeraldanoticia.com.br\/index.php\/wp-json\/wp\/v2\/posts\/55261","targetHints":{"allow":["GET"]}}],"collection":[{"href":"https:\/\/comandogeraldanoticia.com.br\/index.php\/wp-json\/wp\/v2\/posts"}],"about":[{"href":"https:\/\/comandogeraldanoticia.com.br\/index.php\/wp-json\/wp\/v2\/types\/post"}],"author":[{"embeddable":true,"href":"https:\/\/comandogeraldanoticia.com.br\/index.php\/wp-json\/wp\/v2\/users\/1"}],"replies":[{"embeddable":true,"href":"https:\/\/comandogeraldanoticia.com.br\/index.php\/wp-json\/wp\/v2\/comments?post=55261"}],"version-history":[{"count":1,"href":"https:\/\/comandogeraldanoticia.com.br\/index.php\/wp-json\/wp\/v2\/posts\/55261\/revisions"}],"predecessor-version":[{"id":55264,"href":"https:\/\/comandogeraldanoticia.com.br\/index.php\/wp-json\/wp\/v2\/posts\/55261\/revisions\/55264"}],"wp:featuredmedia":[{"embeddable":true,"href":"https:\/\/comandogeraldanoticia.com.br\/index.php\/wp-json\/wp\/v2\/media\/55263"}],"wp:attachment":[{"href":"https:\/\/comandogeraldanoticia.com.br\/index.php\/wp-json\/wp\/v2\/media?parent=55261"}],"wp:term":[{"taxonomy":"category","embeddable":true,"href":"https:\/\/comandogeraldanoticia.com.br\/index.php\/wp-json\/wp\/v2\/categories?post=55261"},{"taxonomy":"post_tag","embeddable":true,"href":"https:\/\/comandogeraldanoticia.com.br\/index.php\/wp-json\/wp\/v2\/tags?post=55261"}],"curies":[{"name":"wp","href":"https:\/\/api.w.org\/{rel}","templated":true}]}}